{"id":139402,"date":"2025-11-04T15:42:28","date_gmt":"2025-11-04T15:42:28","guid":{"rendered":"https:\/\/www.europesays.com\/pt\/139402\/"},"modified":"2025-11-04T15:42:28","modified_gmt":"2025-11-04T15:42:28","slug":"kendall-jenner-comemora-chegada-dos-30-anos-de-idade-com-luau-a-beira-mar","status":"publish","type":"post","link":"https:\/\/www.europesays.com\/pt\/139402\/","title":{"rendered":"Kendall Jenner comemora chegada dos 30 anos de idade com luau \u00e0 beira-mar"},"content":{"rendered":"<p>Kendall Jenner trintou! A modelo celebrou a chegada de seus 30 anos com um luau \u00e0 beira-mar repleto de amigos e familiares. Atrav\u00e9s das redes sociais, Kim Kardashian compartilhou uma s\u00e9rie de cliques da festa da irm\u00e3 mais nova, que aconteceu na \u00faltima segunda-feira, dia 3.\u00a0<\/p>\n<p>Na legenda, <a target=\"_blank\" href=\"https:\/\/www.estrelando.com.br\/nota\/2025\/10\/23\/kim-kardashian-culpa-divorcio-de-kanye-west-pelo-diagnostico-de-aneurisma-cerebral-316162\" rel=\"nofollow noopener\">Kim escreveu<\/a>:<\/p>\n<p>Feliz trig\u00e9simo anivers\u00e1rio, Kendall. Que esta d\u00e9cada lhe traga o tipo de amor e alegria que voc\u00ea t\u00e3o livremente d\u00e1 a todos os outros. Te amo mais do que voc\u00ea algum dia vai entender.\u00a0<\/p>\n<p>Nos cliques, as irm\u00e3s, com exce\u00e7\u00e3o de Kourtney Kardashian, surgem ao lado da m\u00e3e, Kris Jenner, em frente a um enorme bal\u00e3o desejando feliz anivers\u00e1rio para Kendall. Al\u00e9m da fam\u00edlia, a modelo tamb\u00e9m celebrou a data com <a target=\"_blank\" href=\"https:\/\/www.estrelando.com.br\/nota\/2025\/11\/01\/hailey-bieber-mostra-as-fantasias-de-jack-para-o-halloween---e-uma-delas-foi-uma-homenagem-ao-papai-316712\" rel=\"nofollow noopener\">Hailey Bieber<\/a>, sua melhor amiga.\u00a0<\/p>\n<p>Veja abaixo:<\/p>\n<blockquote class=\"instagram-media\" data-instgrm-permalink=\"https:\/\/www.instagram.com\/p\/DQnoTVmDDB3\/?utm_source=ig_embed&amp;utm_campaign=loading\" data-instgrm-version=\"13\"\/><p>\n\t\t\t\t\t\t<script async src=\"\/\/www.instagram.com\/embed.js\"><\/script><\/p>\n","protected":false},"excerpt":{"rendered":"Kendall Jenner trintou! A modelo celebrou a chegada de seus 30 anos com um luau \u00e0 beira-mar repleto&hellip;\n","protected":false},"author":2,"featured_media":139403,"comment_status":"","ping_status":"","sticky":false,"template":"","format":"standard","meta":{"footnotes":""},"categories":[145],"tags":[211,210,1902,114,115,1899,980,1905,1650,13,1898,32,33,1904,1903,1900,1906,941,1901],"class_list":{"0":"post-139402","1":"post","2":"type-post","3":"status-publish","4":"format-standard","5":"has-post-thumbnail","7":"category-celebridades","8":"tag-celebridades","9":"tag-celebrities","10":"tag-enquetes","11":"tag-entertainment","12":"tag-entretenimento","13":"tag-estilo","14":"tag-famosos","15":"tag-foruns","16":"tag-fotos","17":"tag-noticias","18":"tag-perfis","19":"tag-portugal","20":"tag-pt","21":"tag-quizes","22":"tag-rakings","23":"tag-realities","24":"tag-red-carpet","25":"tag-series","26":"tag-teens"},"share_on_mastodon":{"url":"https:\/\/pubeurope.com\/@pt\/115492195315764162","error":""},"_links":{"self":[{"href":"https:\/\/www.europesays.com\/pt\/wp-json\/wp\/v2\/posts\/139402","targetHints":{"allow":["GET"]}}],"collection":[{"href":"https:\/\/www.europesays.com\/pt\/wp-json\/wp\/v2\/posts"}],"about":[{"href":"https:\/\/www.europesays.com\/pt\/wp-json\/wp\/v2\/types\/post"}],"author":[{"embeddable":true,"href":"https:\/\/www.europesays.com\/pt\/wp-json\/wp\/v2\/users\/2"}],"replies":[{"embeddable":true,"href":"https:\/\/www.europesays.com\/pt\/wp-json\/wp\/v2\/comments?post=139402"}],"version-history":[{"count":0,"href":"https:\/\/www.europesays.com\/pt\/wp-json\/wp\/v2\/posts\/139402\/revisions"}],"wp:featuredmedia":[{"embeddable":true,"href":"https:\/\/www.europesays.com\/pt\/wp-json\/wp\/v2\/media\/139403"}],"wp:attachment":[{"href":"https:\/\/www.europesays.com\/pt\/wp-json\/wp\/v2\/media?parent=139402"}],"wp:term":[{"taxonomy":"category","embeddable":true,"href":"https:\/\/www.europesays.com\/pt\/wp-json\/wp\/v2\/categories?post=139402"},{"taxonomy":"post_tag","embeddable":true,"href":"https:\/\/www.europesays.com\/pt\/wp-json\/wp\/v2\/tags?post=139402"}],"curies":[{"name":"wp","href":"https:\/\/api.w.org\/{rel}","templated":true}]}}