{"id":139406,"date":"2025-11-04T15:45:55","date_gmt":"2025-11-04T15:45:55","guid":{"rendered":"https:\/\/www.europesays.com\/pt\/139406\/"},"modified":"2025-11-04T15:45:55","modified_gmt":"2025-11-04T15:45:55","slug":"pedro-jorge-fez-terror-psicologico-na-casa-as-imagens-do-intervalo-da-gala-que-nao-viu","status":"publish","type":"post","link":"https:\/\/www.europesays.com\/pt\/139406\/","title":{"rendered":"Pedro Jorge fez \u201cterror psicol\u00f3gico\u201d na casa? As imagens do intervalo da gala que n\u00e3o viu"},"content":{"rendered":"<p data-end=\"323\" data-start=\"124\">Durante o intervalo da gala, Pedro ficou visivelmente surpreendido ap\u00f3s ser acusado por Raquel de fazer \u201cterror psicol\u00f3gico\u201d. O concorrente rejeitou a afirma\u00e7\u00e3o e mostrou-se indignado com a acusa\u00e7\u00e3o.<\/p>\n<p data-end=\"524\" data-start=\"325\">Ao mesmo tempo, no corredor, Marisa confrontou Marisa Susana por esta ter afirmado que n\u00e3o confiava nela. J\u00e1 a s\u00f3s, Marisa garantiu que, caso continue em jogo, ir\u00e1 mudar a sua postura dentro da casa.<\/p>\n<p data-end=\"813\" data-start=\"526\">Mais tarde, na sala de refei\u00e7\u00f5es, Pedro desabafou com Liliana e Mariana, salientando que nunca insultou ningu\u00e9m no programa. Na cozinha, Bruno aconselhou Marisa a \u201cabrir o olho\u201d, enquanto Dylan observou que a colega ficou verdadeiramente perturbada com as imagens que viu durante a gala.<\/p>\n<p data-end=\"929\" data-start=\"815\">Referindo-se ao seu pr\u00f3prio grupo, Marisa foi perent\u00f3ria e n\u00e3o poupou cr\u00edticas, chamando-os de \u201cbananas e cag\u00f5es\u201d.<\/p>\n","protected":false},"excerpt":{"rendered":"Durante o intervalo da gala, Pedro ficou visivelmente surpreendido ap\u00f3s ser acusado por Raquel de fazer \u201cterror psicol\u00f3gico\u201d.&hellip;\n","protected":false},"author":2,"featured_media":139407,"comment_status":"","ping_status":"","sticky":false,"template":"","format":"standard","meta":{"footnotes":""},"categories":[142],"tags":[114,115,19184,19153,21416,32,33,151],"class_list":{"0":"post-139406","1":"post","2":"type-post","3":"status-publish","4":"format-standard","5":"has-post-thumbnail","7":"category-tv","8":"tag-entertainment","9":"tag-entretenimento","10":"tag-marisa","11":"tag-marisa-susana","12":"tag-pedro-jorge","13":"tag-portugal","14":"tag-pt","15":"tag-tv"},"share_on_mastodon":{"url":"https:\/\/pubeurope.com\/@pt\/115492210836824901","error":""},"_links":{"self":[{"href":"https:\/\/www.europesays.com\/pt\/wp-json\/wp\/v2\/posts\/139406","targetHints":{"allow":["GET"]}}],"collection":[{"href":"https:\/\/www.europesays.com\/pt\/wp-json\/wp\/v2\/posts"}],"about":[{"href":"https:\/\/www.europesays.com\/pt\/wp-json\/wp\/v2\/types\/post"}],"author":[{"embeddable":true,"href":"https:\/\/www.europesays.com\/pt\/wp-json\/wp\/v2\/users\/2"}],"replies":[{"embeddable":true,"href":"https:\/\/www.europesays.com\/pt\/wp-json\/wp\/v2\/comments?post=139406"}],"version-history":[{"count":0,"href":"https:\/\/www.europesays.com\/pt\/wp-json\/wp\/v2\/posts\/139406\/revisions"}],"wp:featuredmedia":[{"embeddable":true,"href":"https:\/\/www.europesays.com\/pt\/wp-json\/wp\/v2\/media\/139407"}],"wp:attachment":[{"href":"https:\/\/www.europesays.com\/pt\/wp-json\/wp\/v2\/media?parent=139406"}],"wp:term":[{"taxonomy":"category","embeddable":true,"href":"https:\/\/www.europesays.com\/pt\/wp-json\/wp\/v2\/categories?post=139406"},{"taxonomy":"post_tag","embeddable":true,"href":"https:\/\/www.europesays.com\/pt\/wp-json\/wp\/v2\/tags?post=139406"}],"curies":[{"name":"wp","href":"https:\/\/api.w.org\/{rel}","templated":true}]}}