{"id":139412,"date":"2025-11-04T15:49:09","date_gmt":"2025-11-04T15:49:09","guid":{"rendered":"https:\/\/www.europesays.com\/pt\/139412\/"},"modified":"2025-11-04T15:49:09","modified_gmt":"2025-11-04T15:49:09","slug":"cancro-do-pancreas-uma-batalha-contra-o-silencio-campeao-das-provincias","status":"publish","type":"post","link":"https:\/\/www.europesays.com\/pt\/139412\/","title":{"rendered":"Cancro do P\u00e2ncreas: Uma Batalha Contra o Sil\u00eancio &#8211; Campe\u00e3o das Prov\u00edncias"},"content":{"rendered":"<ol>\n<li><a href=\"https:\/\/news.google.com\/rss\/articles\/CBMimAFBVV95cUxQNGp1eEtTaFc0aGlRRWNHVXpZN3ZkbUVVXzdWaC1hMFpvTWlBaldqa2EzeERMX1AySThPS1MxN01XTkpFdXdDbEJBY1BmS0NMSlYzSS1RdHoxMzRVZnB4MkNxTk51bXc5d3hRN0VOdWtpQUJ3Zl9EM0ppbjRrWnFDN0VUNjIwWmdUS1ZTcFJKa0dQTkg1aDFVUw?oc=5\" target=\"_blank\" rel=\"nofollow noopener\">Cancro do P\u00e2ncreas: Uma Batalha Contra o Sil\u00eancio<\/a>&nbsp;&nbsp;Campe\u00e3o das Prov\u00edncias<\/li>\n<li><a href=\"https:\/\/news.google.com\/rss\/articles\/CBMi2gFBVV95cUxPZWMxQWRSaGpCYmtMM3A3VXY1R2MwSEstdXdhYkVaQS1uRjdQcTJlcGFEdk9VRVZuaFdPSThacVZZQVdCSTJmeG8yeEFWbnN4TDZtbnhfb3J3Yk11bWhWdG9BdUNPSUx6S1lweG9Dbk9LUzJfRGVEMml4ZVp2ZTFXTjJjck1YcDZtZlpnT3owSjRHZ1BLakhDdGlkMmZRV2J5UGdiR21tb0tWeFFEWF92OG5HVVh1dGJSUU02NE01bzZzcllGQ1JfYy0xWk4yeUxRLU1qTjZ1cXBEQQ?oc=5\" target=\"_blank\" rel=\"nofollow noopener\">C\u00e2ncer de p\u00e2ncreas: tudo o que voc\u00ea precisa saber sobre a doen\u00e7a silenciosa e letal<\/a>&nbsp;&nbsp;A Tribuna<\/li>\n<li><a href=\"https:\/\/news.google.com\/rss\/articles\/CBMiogJBVV95cUxPZXZ0NzlwRHF3Sy1HdFJzRV9wV2U0Z1dHVm5QaWxkdGtRcHB1b3hNNmRRVTZ1OW4zOUdNbVljSm1RWVJOUFNxRUQ4VzlSS1EybGZiNWsxZTY0S0Z2M3dfMlR0c04ydExrOVVxbmVlSVpvYzMwLV96NnR4XzFHSDFvTjNYNG5obDVnb3duaVU1c2pOS3gtb3puTG03NTB1WDFHMVJibFBwX0U1MGVUM1owSThVaVFPNVpDeDlGdl9NYnR6bnhmazRvM0pVZVlMNVlxYnZ2d3dZQVRqdERYZFQzZ21RdDRHS2FxYXh0Tld6N2dzTW1tLU9TVlNzSDBldlFTRHZYd09qSXpHQ1BWYmd0MWpSRWRTRy1RU2V0MjI3Ty1Pdw?oc=5\" target=\"_blank\" rel=\"nofollow noopener\">Quatro sintomas na perna podem indicar c\u00e2ncer de p\u00e2ncreas, alertam m\u00e9dicos<\/a>&nbsp;&nbsp;MSN<\/li>\n<li><a href=\"https:\/\/news.google.com\/rss\/articles\/CBMinAFBVV95cUxNeHdqSVFnMkRlZlVPMUphSk9QcmQwaU5iVUx0a3lQdWRZbVR3SmxnM2RaU1JFQzNWLTVub291dGxsX1dZNzNSbVF4d1owd0tFYzg1dGg5TnVGZVI2aFZpUXZta3lsUE4yRlFDZ0FyTEcyNWZVdlEwUUtpQUw1LTlqUmJIQU56eFNnMFlIUGVGbTRDd2VaRVVfU1NNbjc?oc=5\" target=\"_blank\" rel=\"nofollow noopener\">CPP alerta para aumento da incid\u00eancia e mortalidade do cancro do p\u00e2ncreas<\/a>&nbsp;&nbsp;M\u00e9dico News<\/li>\n<li><a href=\"https:\/\/news.google.com\/rss\/articles\/CBMivAFBVV95cUxQbUVmeGdOQUxEck85M2lKNm1OM0dJd1VISXF2V2RMYm1vajRFTGg2Mkg0dGF6Xy1tRzNiU29FcTNHbEJESWZFdEpsbHRKMGloeW9BMExNNUJ6TWwzY1hfTHJ6MDZzRkdaRVFham9QSWJ6NTZwRlc4a296ckhKeUhhNFZVclhlbEFhS296bTVTTEY3VzhLQkZUblFndFkwRFF6ZUZHcnFfeE1fa0loN19jSjBwUW8wZUl1dk9PZA?oc=5\" target=\"_blank\" rel=\"nofollow noopener\">Novo avan\u00e7o contra cancro do p\u00e2ncreas? Estudo mostra resultados positivos<\/a>&nbsp;&nbsp;SAPO<\/li>\n<\/ol>\n","protected":false},"excerpt":{"rendered":"Cancro do P\u00e2ncreas: Uma Batalha Contra o Sil\u00eancio&nbsp;&nbsp;Campe\u00e3o das Prov\u00edncias C\u00e2ncer de p\u00e2ncreas: tudo o que voc\u00ea precisa&hellip;\n","protected":false},"author":2,"featured_media":139413,"comment_status":"","ping_status":"","sticky":false,"template":"","format":"standard","meta":{"footnotes":""},"categories":[86],"tags":[260,15620,1911,315,135,90,116,834,13,52,32,33,117,58],"class_list":{"0":"post-139412","1":"post","2":"type-post","3":"status-publish","4":"format-standard","5":"has-post-thumbnail","7":"category-saude","8":"tag-atualidade","9":"tag-campeao-das-provincias","10":"tag-coimbra","11":"tag-cultura","12":"tag-desporto","13":"tag-empresas","14":"tag-health","15":"tag-negocios","16":"tag-noticias","17":"tag-politica","18":"tag-portugal","19":"tag-pt","20":"tag-saude","21":"tag-sociedade"},"share_on_mastodon":{"url":"https:\/\/pubeurope.com\/@pt\/115492222602632555","error":""},"_links":{"self":[{"href":"https:\/\/www.europesays.com\/pt\/wp-json\/wp\/v2\/posts\/139412","targetHints":{"allow":["GET"]}}],"collection":[{"href":"https:\/\/www.europesays.com\/pt\/wp-json\/wp\/v2\/posts"}],"about":[{"href":"https:\/\/www.europesays.com\/pt\/wp-json\/wp\/v2\/types\/post"}],"author":[{"embeddable":true,"href":"https:\/\/www.europesays.com\/pt\/wp-json\/wp\/v2\/users\/2"}],"replies":[{"embeddable":true,"href":"https:\/\/www.europesays.com\/pt\/wp-json\/wp\/v2\/comments?post=139412"}],"version-history":[{"count":0,"href":"https:\/\/www.europesays.com\/pt\/wp-json\/wp\/v2\/posts\/139412\/revisions"}],"wp:featuredmedia":[{"embeddable":true,"href":"https:\/\/www.europesays.com\/pt\/wp-json\/wp\/v2\/media\/139413"}],"wp:attachment":[{"href":"https:\/\/www.europesays.com\/pt\/wp-json\/wp\/v2\/media?parent=139412"}],"wp:term":[{"taxonomy":"category","embeddable":true,"href":"https:\/\/www.europesays.com\/pt\/wp-json\/wp\/v2\/categories?post=139412"},{"taxonomy":"post_tag","embeddable":true,"href":"https:\/\/www.europesays.com\/pt\/wp-json\/wp\/v2\/tags?post=139412"}],"curies":[{"name":"wp","href":"https:\/\/api.w.org\/{rel}","templated":true}]}}