{"id":13942,"date":"2025-08-03T08:39:14","date_gmt":"2025-08-03T08:39:14","guid":{"rendered":"https:\/\/www.europesays.com\/pt\/13942\/"},"modified":"2025-08-03T08:39:14","modified_gmt":"2025-08-03T08:39:14","slug":"o-eletrico-que-traz-o-futuro-ao-presente","status":"publish","type":"post","link":"https:\/\/www.europesays.com\/pt\/13942\/","title":{"rendered":"o el\u00e9trico que traz o futuro ao presente"},"content":{"rendered":"<p>A Honda, conhecida pela sua engenharia precisa e fiabilidade exemplar, apresenta agora o e:Ny1, o seu segundo el\u00e9trico de passageiros na Europa e o primeiro SUV compacto 100% el\u00e9trico da marca. Mas ser\u00e1 que este novo protagonista tem o que \u00e9 preciso para se destacar numa arena j\u00e1 repleta de concorr\u00eancia feroz?<\/p>\n<p><a target=\"_blank\" href=\"https:\/\/pplware.sapo.pt\/wp-content\/uploads\/2025\/07\/Honda-eNy1-1.jpg\" onclick=\"refreshIframe()\" class=\"foobox\" rel=\"nofollow noopener\"><img fetchpriority=\"high\" decoding=\"async\" src=\"https:\/\/www.europesays.com\/pt\/wp-content\/uploads\/2025\/08\/Honda-eNy1-1-720x405.jpg\" alt=\"Honda e:Ny1\" width=\"720\" height=\"405\" class=\"aligncenter size-medium wp-image-1070556\"  \/><\/a>\n<\/p>\n<p>Num segmento cada vez mais competitivo como \u00e9 o dos SUV compactos el\u00e9tricos, a Honda decide marcar o seu territ\u00f3rio com o e:Ny1, um modelo que combina estilo, inova\u00e7\u00e3o e um certo toque de ousadia japonesa. A promessa? Um el\u00e9trico pensado para o dia a dia urbano, mas com alma suficiente para surpreender fora da cidade.<\/p>\n<p>\u00c0 primeira vista, o <a target=\"_blank\" href=\"https:\/\/honda-automoveis.pt\/pt\/carros\/novo-eny1-100-eletrico\/\" rel=\"nofollow noopener\">Honda e:Ny1<\/a> capta os olhares n\u00e3o por querer ser exuberante, mas precisamente pelo contr\u00e1rio. Com um design limpo e moderno, destaca-se pelas linhas suaves e aerodin\u00e2micas, sem nunca perder a robustez t\u00edpica de um SUV.<\/p>\n<dl class=\"gallery-item\">\n<dt class=\"gallery-icon landscape\">\n\t\t\t\t<a data-attachment-id=\"1070547\" href=\"https:\/\/pplware.sapo.pt\/wp-content\/uploads\/2025\/07\/Honda-eNy1-10.jpg\" rel=\"nofollow noopener\" target=\"_blank\"><img loading=\"lazy\" decoding=\"async\" width=\"720\" height=\"405\" src=\"https:\/\/www.europesays.com\/pt\/wp-content\/uploads\/2025\/08\/Honda-eNy1-10-720x405.jpg\" class=\"attachment-medium size-medium\" alt=\"Honda e:Ny1\"  \/><\/a>\n\t\t\t<\/dt>\n<\/dl>\n<dl class=\"gallery-item\">\n<dt class=\"gallery-icon landscape\">\n\t\t\t\t<a data-attachment-id=\"1070545\" href=\"https:\/\/pplware.sapo.pt\/wp-content\/uploads\/2025\/07\/Honda-eNy1-12.jpg\" rel=\"nofollow noopener\" target=\"_blank\"><img loading=\"lazy\" decoding=\"async\" width=\"720\" height=\"405\" src=\"https:\/\/www.europesays.com\/pt\/wp-content\/uploads\/2025\/08\/Honda-eNy1-12-720x405.jpg\" class=\"attachment-medium size-medium\" alt=\"Honda e:Ny1\"  \/><\/a>\n\t\t\t<\/dt>\n<\/dl>\n<p><br style=\"clear: both\"\/><\/p>\n<p>A grelha dianteira est\u00e1 praticamente ausente (como conv\u00e9m a um el\u00e9trico) e \u00e9 substitu\u00edda por uma superf\u00edcie fluida que esconde a porta de carregamento. Na traseira, a faixa luminosa em LED a toda a largura refor\u00e7a a identidade visual e empresta um ar futurista sem exageros.<\/p>\n<p>O novo log\u00f3tipo \u201cH\u201d iluminado na dianteira, juntamente com a tipografia \u201cHonda\u201d no port\u00e3o traseiro, \u00e9 uma afirma\u00e7\u00e3o clara: este \u00e9 o novo rosto da marca para a mobilidade el\u00e9trica.<\/p>\n<p>Tecnologia e Conforto a Bordo<\/p>\n<p>Dentro do habit\u00e1culo, aposta-se na simplicidade e na funcionalidade. O destaque vai para o ecr\u00e3 central vertical de 15,1 polegadas, que domina o tablier e serve como centro de comando para quase todas as fun\u00e7\u00f5es, desde a climatiza\u00e7\u00e3o \u00e0 navega\u00e7\u00e3o e entretenimento.<\/p>\n<p>A qualidade dos materiais surpreende, com pl\u00e1sticos suaves ao toque e acabamentos bem ajustados, enquanto o espa\u00e7o interior \u00e9 generoso para um modelo deste segmento.<\/p>\n<p>Com 4,39 metros de comprimento e uma dist\u00e2ncia entre eixos de 2,61 metros, oferece espa\u00e7o suficiente para quatro adultos viajarem com conforto e ainda h\u00e1 361 litros de bagageira, que podem crescer para 1.176 litros com os bancos rebatidos.<\/p>\n<p>Motoriza\u00e7\u00e3o e autonomia: desempenho equilibrado<\/p>\n<p>Debaixo da carro\u00e7aria, o Honda e:Ny1 \u00e9 movido por um motor el\u00e9trico de 204 cv (150 kW) e 310 Nm de bin\u00e1rio instant\u00e2neo, montado no eixo dianteiro. Esta configura\u00e7\u00e3o permite uma acelera\u00e7\u00e3o de 0 a 100 km\/h em cerca de 7,6 segundos, suficientemente r\u00e1pido para a maioria das situa\u00e7\u00f5es do quotidiano.<\/p>\n<p><a target=\"_blank\" href=\"https:\/\/pplware.sapo.pt\/wp-content\/uploads\/2025\/07\/honda_eny1.jpg\" onclick=\"refreshIframe()\" class=\"foobox\" rel=\"nofollow noopener\"><img loading=\"lazy\" decoding=\"async\" src=\"https:\/\/www.europesays.com\/pt\/wp-content\/uploads\/2025\/08\/honda_eny1-720x405.jpg\" alt=\"\" width=\"720\" height=\"405\" class=\"aligncenter size-medium wp-image-1068144\"  \/><\/a><\/p>\n<p>A energia vem de uma bateria de 68,8 kWh (capacidade l\u00edquida de 62 kWh), que garante uma autonomia at\u00e9 412 km (ciclo WLTP). Em termos de carregamento, pode ser recarregado a 11 kW em corrente alternada e suporta carregamento r\u00e1pido DC at\u00e9 78 kW, o suficiente para ir dos 10 aos 80% em aproximadamente 45 minutos.<\/p>\n<p>Suavidade e sil\u00eancio com car\u00e1ter<\/p>\n<p>Em estrada, distingue-se pela suavidade da entrega de pot\u00eancia e pelo isolamento ac\u00fastico not\u00e1vel. \u00c9 um carro pensado para ser f\u00e1cil de conduzir, com uma resposta previs\u00edvel e modos de condu\u00e7\u00e3o que permitem adaptar o comportamento ao estilo do condutor. O chassis bem afinado e a suspens\u00e3o confort\u00e1vel ajudam a filtrar as irregularidades do piso sem perder a compostura em curva.<\/p>\n<p>Apesar da tra\u00e7\u00e3o dianteira, mant\u00e9m-se est\u00e1vel e seguro em ritmos mais vivos. N\u00e3o \u00e9 um carro desportivo, mas tamb\u00e9m n\u00e3o \u00e9 mon\u00f3tono. A dire\u00e7\u00e3o \u00e9 leve e precisa, ideal para ambientes urbanos, e o raio de viragem reduzido facilita as manobras em espa\u00e7os apertados.<\/p>\n<p><a target=\"_blank\" href=\"https:\/\/pplware.sapo.pt\/wp-content\/uploads\/2025\/07\/Honda-eNy1-9.jpg\" onclick=\"refreshIframe()\" class=\"foobox\" rel=\"nofollow noopener\"><img loading=\"lazy\" decoding=\"async\" src=\"https:\/\/www.europesays.com\/pt\/wp-content\/uploads\/2025\/08\/Honda-eNy1-9-720x405.jpg\" alt=\"Honda e:Ny1\" width=\"720\" height=\"405\" class=\"aligncenter size-medium wp-image-1070548\"  \/><\/a><\/p>\n<p>Como seria de esperar, o e:Ny1 vem recheado de tecnologia. O sistema Honda Sensing oferece um conjunto completo de assist\u00eancias \u00e0 condu\u00e7\u00e3o, incluindo travagem aut\u00f3noma de emerg\u00eancia, manuten\u00e7\u00e3o na faixa, reconhecimento de sinais de tr\u00e2nsito, controlo de velocidade adaptativo, entre outros.<\/p>\n<p>A conectividade tamb\u00e9m est\u00e1 garantida com integra\u00e7\u00e3o de smartphone via Apple CarPlay (sem fios) e Android Auto (com cabo), al\u00e9m de funcionalidades remotas acess\u00edveis atrav\u00e9s da app Honda.<\/p>\n<p>Espelho do ADN Honda<\/p>\n<p>O Honda e:Ny1 pode n\u00e3o ser o el\u00e9trico mais potente, nem o mais ousado em termos de design. Mas \u00e9, sem d\u00favida, um dos mais equilibrados. Apresenta uma proposta coerente para quem procura um SUV el\u00e9trico fi\u00e1vel, confort\u00e1vel e bem equipado, com a fiabilidade que a marca nip\u00f3nica j\u00e1 nos habituou.<\/p>\n<p>Com pre\u00e7os a partir dos 53.000\u20ac, n\u00e3o \u00e9 um modelo barato, mas justifica-se com uma lista de equipamento extensa e um foco claro na qualidade e na experi\u00eancia de utiliza\u00e7\u00e3o. O e:Ny1 \u00e9 a confirma\u00e7\u00e3o de que a <a target=\"_blank\" href=\"https:\/\/pplware.sapo.pt\/tag\/honda\/\" rel=\"nofollow noopener\">Honda<\/a> est\u00e1 pronta para o futuro el\u00e9trico.<\/p>\n","protected":false},"excerpt":{"rendered":"A Honda, conhecida pela sua engenharia precisa e fiabilidade exemplar, apresenta agora o e:Ny1, o seu segundo el\u00e9trico&hellip;\n","protected":false},"author":2,"featured_media":13943,"comment_status":"","ping_status":"","sticky":false,"template":"","format":"standard","meta":{"footnotes":""},"categories":[83],"tags":[88,744,5678,89,90,3644,5679,32,33],"class_list":{"0":"post-13942","1":"post","2":"type-post","3":"status-publish","4":"format-standard","5":"has-post-thumbnail","7":"category-empresas","8":"tag-business","9":"tag-carro-eletrico","10":"tag-eny1","11":"tag-economy","12":"tag-empresas","13":"tag-honda","14":"tag-honda-eny1","15":"tag-portugal","16":"tag-pt"},"share_on_mastodon":{"url":"","error":""},"_links":{"self":[{"href":"https:\/\/www.europesays.com\/pt\/wp-json\/wp\/v2\/posts\/13942","targetHints":{"allow":["GET"]}}],"collection":[{"href":"https:\/\/www.europesays.com\/pt\/wp-json\/wp\/v2\/posts"}],"about":[{"href":"https:\/\/www.europesays.com\/pt\/wp-json\/wp\/v2\/types\/post"}],"author":[{"embeddable":true,"href":"https:\/\/www.europesays.com\/pt\/wp-json\/wp\/v2\/users\/2"}],"replies":[{"embeddable":true,"href":"https:\/\/www.europesays.com\/pt\/wp-json\/wp\/v2\/comments?post=13942"}],"version-history":[{"count":0,"href":"https:\/\/www.europesays.com\/pt\/wp-json\/wp\/v2\/posts\/13942\/revisions"}],"wp:featuredmedia":[{"embeddable":true,"href":"https:\/\/www.europesays.com\/pt\/wp-json\/wp\/v2\/media\/13943"}],"wp:attachment":[{"href":"https:\/\/www.europesays.com\/pt\/wp-json\/wp\/v2\/media?parent=13942"}],"wp:term":[{"taxonomy":"category","embeddable":true,"href":"https:\/\/www.europesays.com\/pt\/wp-json\/wp\/v2\/categories?post=13942"},{"taxonomy":"post_tag","embeddable":true,"href":"https:\/\/www.europesays.com\/pt\/wp-json\/wp\/v2\/tags?post=13942"}],"curies":[{"name":"wp","href":"https:\/\/api.w.org\/{rel}","templated":true}]}}