{"id":139423,"date":"2025-11-04T15:59:27","date_gmt":"2025-11-04T15:59:27","guid":{"rendered":"https:\/\/www.europesays.com\/pt\/139423\/"},"modified":"2025-11-04T15:59:27","modified_gmt":"2025-11-04T15:59:27","slug":"ana-acusa-liliana-de-jogo-muito-baixo-os-animos-exaltam-se-e-dylan-grita-nao-te-facas-de-toto-secret-story","status":"publish","type":"post","link":"https:\/\/www.europesays.com\/pt\/139423\/","title":{"rendered":"Ana acusa Liliana de \u00abjogo muito baixo\u00bb. Os \u00e2nimos exaltam-se e Dylan grita: \u00abN\u00e3o te fa\u00e7as de tot\u00f3\u00bb &#8211; Secret Story"},"content":{"rendered":"<p>No Secret Story 9, Ana acusa Liliana de fazer \u00abum jogo muito baixo\u00bb\u00a0 e os \u00e2nimos exaltam-se. Dylan interv\u00e9m e o clima ferve ainda mais.\u00a0<\/p>\n<p>Isto acontece na <a href=\"https:\/\/tvi.iol.pt\/secretstory\/cristina-ferreira\/gala\/o-encontro-a-sos-mais-aguardado-numa-gala-de-cortar-a-respiracao-isto-e-tudo-o-que-pode-esperar\" rel=\"nofollow noopener\" target=\"_blank\">grande gala do Secret Story 9 <\/a>que conta com muitas emo\u00e7\u00f5es e surpresas \u00abde cortar a respira\u00e7\u00e3o\u00bb. Esta noite os concorrentes t\u00eam acesso a uma l\u00e2mpada m\u00e1gica capaz de realizar os desejos mais ambicionados. Para al\u00e9m disso, hoje o expulso tem um \u00faltimo valioso poder em m\u00e3os.<\/p>\n<p>A dois meses da Grande Final, os concorrentes dizem quem n\u00e3o merece estar na corrida \u00e0 vit\u00f3ria. Todas as decis\u00f5es t\u00eam consequ\u00eancias e, por \u00faltimo, mas n\u00e3o menos importante, \u00abesta noite, Pedro e Marisa voltam a reencontrar-se a s\u00f3s!<\/p>\n<p><a href=\"https:\/\/tvi.iol.pt\/secretstory\/aominuto\" rel=\"nofollow noopener\" target=\"_blank\">Acompanhe aqui tudo o que se passa na casa ao minuto!<\/a><\/p>\n","protected":false},"excerpt":{"rendered":"No Secret Story 9, Ana acusa Liliana de fazer \u00abum jogo muito baixo\u00bb\u00a0 e os \u00e2nimos exaltam-se. Dylan&hellip;\n","protected":false},"author":2,"featured_media":139424,"comment_status":"","ping_status":"","sticky":false,"template":"","format":"standard","meta":{"footnotes":""},"categories":[142],"tags":[6340,19374,19373,19105,114,115,19016,19375,32,33,151],"class_list":{"0":"post-139423","1":"post","2":"type-post","3":"status-publish","4":"format-standard","5":"has-post-thumbnail","7":"category-tv","8":"tag-ana","9":"tag-confrontos-concorrentes","10":"tag-discussoes-secret-story","11":"tag-dylan","12":"tag-entertainment","13":"tag-entretenimento","14":"tag-liliana","15":"tag-polemicas","16":"tag-portugal","17":"tag-pt","18":"tag-tv"},"share_on_mastodon":{"url":"https:\/\/pubeurope.com\/@pt\/115492262058802325","error":""},"_links":{"self":[{"href":"https:\/\/www.europesays.com\/pt\/wp-json\/wp\/v2\/posts\/139423","targetHints":{"allow":["GET"]}}],"collection":[{"href":"https:\/\/www.europesays.com\/pt\/wp-json\/wp\/v2\/posts"}],"about":[{"href":"https:\/\/www.europesays.com\/pt\/wp-json\/wp\/v2\/types\/post"}],"author":[{"embeddable":true,"href":"https:\/\/www.europesays.com\/pt\/wp-json\/wp\/v2\/users\/2"}],"replies":[{"embeddable":true,"href":"https:\/\/www.europesays.com\/pt\/wp-json\/wp\/v2\/comments?post=139423"}],"version-history":[{"count":0,"href":"https:\/\/www.europesays.com\/pt\/wp-json\/wp\/v2\/posts\/139423\/revisions"}],"wp:featuredmedia":[{"embeddable":true,"href":"https:\/\/www.europesays.com\/pt\/wp-json\/wp\/v2\/media\/139424"}],"wp:attachment":[{"href":"https:\/\/www.europesays.com\/pt\/wp-json\/wp\/v2\/media?parent=139423"}],"wp:term":[{"taxonomy":"category","embeddable":true,"href":"https:\/\/www.europesays.com\/pt\/wp-json\/wp\/v2\/categories?post=139423"},{"taxonomy":"post_tag","embeddable":true,"href":"https:\/\/www.europesays.com\/pt\/wp-json\/wp\/v2\/tags?post=139423"}],"curies":[{"name":"wp","href":"https:\/\/api.w.org\/{rel}","templated":true}]}}