{"id":139452,"date":"2025-11-04T16:28:07","date_gmt":"2025-11-04T16:28:07","guid":{"rendered":"https:\/\/www.europesays.com\/pt\/139452\/"},"modified":"2025-11-04T16:28:07","modified_gmt":"2025-11-04T16:28:07","slug":"fpf-instaura-processo-disciplinar-ao-fc-porto-por-alegada-pressao-a-fabio-verissimo","status":"publish","type":"post","link":"https:\/\/www.europesays.com\/pt\/139452\/","title":{"rendered":"FPF instaura processo disciplinar ao FC Porto por alegada press\u00e3o a F\u00e1bio Ver\u00edssimo"},"content":{"rendered":"<p>&#13;<br \/>\nEm comunicado, o CD da FPF deu conta da &#8220;instaura\u00e7\u00e3o de processo disciplinar \u00e0 FC Porto&#8211;Futebol SAD, por delibera\u00e7\u00e3o da sec\u00e7\u00e3o profissional (&#8230;) no seguimento das informa\u00e7\u00f5es constantes no relat\u00f3rio de \u00e1rbitro e no relat\u00f3rio de delegado da Liga&#8221;, dando conta do envio do processo para a Comiss\u00e3o de Instrutores da Liga Portuguesa de Futebol Profissional.&#13;\n<\/p>\n<p>&#13;<br \/>\nEm causa est\u00e1 uma alegada tentativa de press\u00e3o, descrita no relat\u00f3rio do \u00e1rbitro do jogo entre FC Porto e Sporting de Braga, ao `juiz` da Associa\u00e7\u00e3o de Futebol de Leiria, durante o intervalo do encontro da 10.\u00aa jornada da I Liga, que terminou com a vit\u00f3ria dos `drag\u00f5es` (2-1), no domingo. &#13;\n<\/p>\n<p>&#13;<br \/>\nNa segunda-feira, o Benfica exigiu &#8220;que a Liga, o Conselho de Arbitragem e o Conselho de Disciplina atuem com urg\u00eancia em face das informa\u00e7\u00f5es tornadas p\u00fablicas sobre uma grave coa\u00e7\u00e3o ao \u00e1rbitro da partida FC Porto&#8211;Sporting de Braga&#8221;. &#13;\n<\/p>\n<p>&#13;<br \/>\nFace \u00e0 &#8220;gravidade dos acontecimentos reportados&#8221;, os `encarnados` pedem &#8220;uma rea\u00e7\u00e3o r\u00e1pida das autoridades competentes e uma clarifica\u00e7\u00e3o quanto aos desenvolvimentos deste epis\u00f3dio que em nada dignifica e credibiliza o futebol portugu\u00eas, pelo que \u00e9 imperativo que haja consequ\u00eancias exemplares&#8221;. &#13;\n<\/p>\n<p>&#13;<br \/>\nJ\u00e1 hoje, o Sporting anunciou a apresenta\u00e7\u00e3o de uma queixa ao CD da FPF, para &#8220;apuramento da verdade&#8221;, depois de Ver\u00edssimo se ter sentido pressionado no referido jogo. &#13;\n<\/p>\n<p>&#13;<br \/>\n&#8220;O Sporting considera absolutamente inaceit\u00e1vel qualquer tentativa, direta ou indireta, de condicionar, influenciar ou pressionar \u00e1rbitros ou outros agentes desportivos. Situa\u00e7\u00f5es desta natureza mancham a credibilidade das competi\u00e7\u00f5es e s\u00e3o um claro retrocesso no futebol portugu\u00eas&#8221;, pode ler-se no comunicado divulgado pelo bicampe\u00e3o nacional. &#13;\n<\/p>\n<p>&#13;<br \/>\nPerante esta situa\u00e7\u00e3o, em que F\u00e1bio Ver\u00edssimo se deparou com um televisor a passar repetidamente, sem que o dispositivo pudesse ser desligado, alguns lances do primeiro tempo, o Sporting quer que sejam &#8220;apuradas todas as responsabilidades e aplicadas san\u00e7\u00f5es&#8221;. &#13;\n<\/p>\n<p>&#13;<br \/>\n&#8220;O Sporting exige que as entidades competentes atuem de forma implac\u00e1vel, apurando todas as responsabilidades e aplicando as san\u00e7\u00f5es que se imp\u00f5em, sem exce\u00e7\u00f5es nem complac\u00eancia, desde j\u00e1 anunciando que ir\u00e1 igualmente apresentar uma participa\u00e7\u00e3o disciplinar ao Conselho de Disciplina com vista ao apuramento da verdade e de todos os respons\u00e1veis&#8221;, apontou. &#13;\n<\/p>\n<p>&#13;<br \/>\nO emblema `leonino` acrescenta ainda que &#8220;n\u00e3o aceitar\u00e1 o regresso a um futebol de bastidores e press\u00f5es, nem que se maquilhem velhas pr\u00e1ticas com uma nova apar\u00eancia institucional&#8221;. &#13;\n<\/p>\n<p>&#13;<br \/>\nO FC Porto lidera a I Liga com 28 pontos, com mais tr\u00eas pontos do que o bicampe\u00e3o Sporting, segundo classificado, e mais quatro do que o Benfica, terceiro.&#13;\n<\/p>\n<p>&#13;<br \/>\nOs `azuis e brancos` venceram na rece\u00e7\u00e3o aos bracarenses, por 2-1, ap\u00f3s reviravolta, com golos de Rodrigo Mora, aos 44, e Borja Sainz, aos 79, depois de Victor G\u00f3mez ter dado vantagem aos minhotos.&#13;<\/p>\n","protected":false},"excerpt":{"rendered":"&#13; Em comunicado, o CD da FPF deu conta da &#8220;instaura\u00e7\u00e3o de processo disciplinar \u00e0 FC Porto&#8211;Futebol SAD,&hellip;\n","protected":false},"author":2,"featured_media":139453,"comment_status":"","ping_status":"","sticky":false,"template":"","format":"standard","meta":{"footnotes":""},"categories":[8],"tags":[51,1010,27,28,31051,31050,15,16,14,31049,25,26,21,22,12,13,19,20,32,23,24,33,2435,17,18,29,30,31],"class_list":{"0":"post-139452","1":"post","2":"type-post","3":"status-publish","4":"format-standard","5":"has-post-thumbnail","7":"category-principais-noticias","8":"tag-benfica","9":"tag-borja-sainz","10":"tag-breaking-news","11":"tag-breakingnews","12":"tag-cd-fpf","13":"tag-fabio-verissimo-oeiras","14":"tag-featured-news","15":"tag-featurednews","16":"tag-headlines","17":"tag-jp-ajc","18":"tag-latest-news","19":"tag-latestnews","20":"tag-main-news","21":"tag-mainnews","22":"tag-news","23":"tag-noticias","24":"tag-noticias-principais","25":"tag-noticiasprincipais","26":"tag-portugal","27":"tag-principais-noticias","28":"tag-principaisnoticias","29":"tag-pt","30":"tag-rodrigo-mora","31":"tag-top-stories","32":"tag-topstories","33":"tag-ultimas","34":"tag-ultimas-noticias","35":"tag-ultimasnoticias"},"share_on_mastodon":{"url":"https:\/\/pubeurope.com\/@pt\/115492376415953531","error":""},"_links":{"self":[{"href":"https:\/\/www.europesays.com\/pt\/wp-json\/wp\/v2\/posts\/139452","targetHints":{"allow":["GET"]}}],"collection":[{"href":"https:\/\/www.europesays.com\/pt\/wp-json\/wp\/v2\/posts"}],"about":[{"href":"https:\/\/www.europesays.com\/pt\/wp-json\/wp\/v2\/types\/post"}],"author":[{"embeddable":true,"href":"https:\/\/www.europesays.com\/pt\/wp-json\/wp\/v2\/users\/2"}],"replies":[{"embeddable":true,"href":"https:\/\/www.europesays.com\/pt\/wp-json\/wp\/v2\/comments?post=139452"}],"version-history":[{"count":0,"href":"https:\/\/www.europesays.com\/pt\/wp-json\/wp\/v2\/posts\/139452\/revisions"}],"wp:featuredmedia":[{"embeddable":true,"href":"https:\/\/www.europesays.com\/pt\/wp-json\/wp\/v2\/media\/139453"}],"wp:attachment":[{"href":"https:\/\/www.europesays.com\/pt\/wp-json\/wp\/v2\/media?parent=139452"}],"wp:term":[{"taxonomy":"category","embeddable":true,"href":"https:\/\/www.europesays.com\/pt\/wp-json\/wp\/v2\/categories?post=139452"},{"taxonomy":"post_tag","embeddable":true,"href":"https:\/\/www.europesays.com\/pt\/wp-json\/wp\/v2\/tags?post=139452"}],"curies":[{"name":"wp","href":"https:\/\/api.w.org\/{rel}","templated":true}]}}