{"id":139471,"date":"2025-11-04T16:42:15","date_gmt":"2025-11-04T16:42:15","guid":{"rendered":"https:\/\/www.europesays.com\/pt\/139471\/"},"modified":"2025-11-04T16:42:15","modified_gmt":"2025-11-04T16:42:15","slug":"francisco-monteiro-em-choque-com-comportamentos-de-marisa-apos-acesa-discussao-com-pedro-jorge","status":"publish","type":"post","link":"https:\/\/www.europesays.com\/pt\/139471\/","title":{"rendered":"Francisco Monteiro em choque com comportamentos de Marisa ap\u00f3s acesa discuss\u00e3o com Pedro Jorge"},"content":{"rendered":"<p>\t\t\t\t\t\t\t\t\t\t\t\t<a href=\"#\" onclick=\"window.open('http:\/\/www.facebook.com\/sharer.php?u=https:\/\/cusquices.com\/francisco-monteiro-em-choque-com-comportamentos-de-marisa-apos-acesa-discussao-com-pedro-jorge\/&amp;t=Francisco Monteiro em choque com comportamentos de Marisa ap\u00f3s acesa discuss\u00e3o com Pedro Jorge', 'facebookShare', 'width=626,height=436'); return false;\" title=\"Share on Facebook\"><\/p>\n<p>Share<\/p>\n<p><\/a><br \/>\n\t\t\t\t\t\t\t\t\t\t\t\t<a href=\"#\" onclick=\"window.open('http:\/\/twitter.com\/share?text=Francisco Monteiro em choque com comportamentos de Marisa ap\u00f3s acesa discuss\u00e3o com Pedro Jorge -&amp;url=https:\/\/cusquices.com\/francisco-monteiro-em-choque-com-comportamentos-de-marisa-apos-acesa-discussao-com-pedro-jorge\/', 'twitterShare', 'width=626,height=436'); return false;\" title=\"Tweet This Post\"><\/p>\n<p>Tweet<\/p>\n<p><\/a><br \/>\n\t\t\t\t\t\t\t\t\t\t\t\t<a href=\"whatsapp:\/\/send?text=Francisco Monteiro em choque com comportamentos de Marisa ap\u00f3s acesa discuss\u00e3o com Pedro Jorge https:\/\/cusquices.com\/francisco-monteiro-em-choque-com-comportamentos-de-marisa-apos-acesa-discussao-com-pedro-jorge\/\" rel=\"nofollow\"><\/p>\n<p>Share<\/p>\n<p><\/a><br \/>\n\t\t\t\t\t\t\t\t\t\t\t\t<a href=\"#\" onclick=\"window.open('http:\/\/pinterest.com\/pin\/create\/button\/?url=https:\/\/cusquices.com\/francisco-monteiro-em-choque-com-comportamentos-de-marisa-apos-acesa-discussao-com-pedro-jorge\/&amp;media=https:\/\/cusquices.com\/wp-content\/uploads\/2025\/11\/zaza-pemar-1000x600.jpg&amp;description=Francisco Monteiro em choque com comportamentos de Marisa ap\u00f3s acesa discuss\u00e3o com Pedro Jorge', 'pinterestShare', 'width=750,height=350'); return false;\" title=\"Pin This Post\"><\/p>\n<p>Share<\/p>\n<p><\/a><br \/>\n\t\t\t\t\t\t\t\t\t\t\t\t<a href=\"mailto:?subject=Francisco Monteiro em choque com comportamentos de Marisa ap\u00f3s acesa discuss\u00e3o com Pedro Jorge&amp;BODY=I found this article interesting and thought of sharing it with you. Check it out: https:\/\/cusquices.com\/francisco-monteiro-em-choque-com-comportamentos-de-marisa-apos-acesa-discussao-com-pedro-jorge\/\"><\/p>\n<p>Email<\/p>\n<p><\/a><br \/>\n\t\t\t\t\t\t\t\t\t\t\t\t\t\t\t\t\t\t\t\t\t\t\t\t\t\t\t\t\t\t\t\t\t\t\t\t\t\t\t\t\t\t\t\t\t\t\t\t\t\t\t\t\t<a href=\"https:\/\/cusquices.com\/francisco-monteiro-em-choque-com-comportamentos-de-marisa-apos-acesa-discussao-com-pedro-jorge\/#respond\" rel=\"nofollow noopener\" target=\"_blank\"><\/p>\n<p>A acesa discuss\u00e3o entre <strong>Marisa e Pedro Jorge<\/strong> continua a dar que falar e j\u00e1 tomou enormes repercuss\u00f5es tanto dentro, como fora da casa mais vigiada do pa\u00eds. Enquanto, no interior da casa, a maioria dos concorrentes parece apoiar Marisa, c\u00e1 fora cresce a indigna\u00e7\u00e3o entre os f\u00e3s, que criticam as acusa\u00e7\u00f5es feitas por Marisa nas costas do marido e questionam a sua postura no jogo.<\/p>\n<p><strong>Francisco Monteiro,<\/strong> comentador do reality show, tamb\u00e9m se pronunciou nas suas redes sociais sobre todas as pol\u00e9micas do casal.<\/p>\n<p><strong>\u201cAinda n\u00e3o parou de rasgar o marido. Desde que o especial acabou. Deve ser jogo e para proteger o segredo\u2026 tal como quando vai ao confession\u00e1rio (o jogo a\u00ed n\u00e3o existe) e continua a destruir a pessoa que mais devia proteger. A tentar virar a casa toda contra ele para que o isolem cada vez mais.\u201d, <\/strong>atirou Francisco Monteiro.<\/p>\n<p>Pouco depois, Francisco Monteiro partilhou alguns v\u00eddeos dos coment\u00e1rios que Marisa teceu do marido com o grupo oposto: <strong>\u201cEsta grupeta aqui.. cada um pior que o outro\u201d, e<\/strong>screveu na legenda da publica\u00e7\u00e3o, pode ainda ouvir-se Zaza em choque por Marisa ainda estar a \u2018queimar\u2019 <strong>Leandro:  \u201cAgora at\u00e9 o Leandro mete no forno\u2026 Est\u00e1 em grande esta mulher\u201d<\/strong>.<\/p>\n<p><img loading=\"lazy\" decoding=\"async\" width=\"555\" height=\"1024\" src=\"https:\/\/www.europesays.com\/pt\/wp-content\/uploads\/2025\/11\/zaza1-555x1024.png\" alt=\"\" class=\"wp-image-99922 webpexpress-processed\"  \/><\/p>\n<p><img loading=\"lazy\" decoding=\"async\" width=\"562\" height=\"1024\" src=\"https:\/\/www.europesays.com\/pt\/wp-content\/uploads\/2025\/11\/zaza2-562x1024.png\" alt=\"\" class=\"wp-image-99923 webpexpress-processed\"  \/><\/p>\n<p><strong>Leia tamb\u00e9m:<\/strong><\/p>\n<p>\t\t\t\t\t\t\t\t\t\t\t\t\t\t\t\t\t\t\t\t\t\t\t\t\t<img decoding=\"async\" src=\"https:\/\/www.europesays.com\/pt\/wp-content\/uploads\/2025\/10\/cusquices-logo-52x.png\" class=\"webpexpress-processed\"\/><\/p>\n<p>\t\t\t\t\t\t\t\t\t\t\t\t\t\t\t\t\t\t\t\t\t            \t\t\t\t\t\t\t\t\t\t\t\t\t\t\t\t\t\t\t\t\t\t\t\t\t\t\t\t\t\t\t\t\t\t\t\t\t\t\t<script async src=\"https:\/\/platform.twitter.com\/widgets.js\" charset=\"utf-8\"><\/script><\/p>\n","protected":false},"excerpt":{"rendered":"Share Tweet Share Share Email A acesa discuss\u00e3o entre Marisa e Pedro Jorge continua a dar que falar&hellip;\n","protected":false},"author":2,"featured_media":139472,"comment_status":"","ping_status":"","sticky":false,"template":"","format":"standard","meta":{"footnotes":""},"categories":[8],"tags":[27,28,2632,49,15,16,2071,14,25,26,21,22,19184,12,13,19,20,14646,32,23,24,33,17,18,29,30,31],"class_list":{"0":"post-139471","1":"post","2":"type-post","3":"status-publish","4":"format-standard","5":"has-post-thumbnail","7":"category-principais-noticias","8":"tag-breaking-news","9":"tag-breakingnews","10":"tag-casa-dos-segredos","11":"tag-destaques","12":"tag-featured-news","13":"tag-featurednews","14":"tag-francisco-monteiro","15":"tag-headlines","16":"tag-latest-news","17":"tag-latestnews","18":"tag-main-news","19":"tag-mainnews","20":"tag-marisa","21":"tag-news","22":"tag-noticias","23":"tag-noticias-principais","24":"tag-noticiasprincipais","25":"tag-pedro","26":"tag-portugal","27":"tag-principais-noticias","28":"tag-principaisnoticias","29":"tag-pt","30":"tag-top-stories","31":"tag-topstories","32":"tag-ultimas","33":"tag-ultimas-noticias","34":"tag-ultimasnoticias"},"share_on_mastodon":{"url":"https:\/\/pubeurope.com\/@pt\/115492431544214066","error":""},"_links":{"self":[{"href":"https:\/\/www.europesays.com\/pt\/wp-json\/wp\/v2\/posts\/139471","targetHints":{"allow":["GET"]}}],"collection":[{"href":"https:\/\/www.europesays.com\/pt\/wp-json\/wp\/v2\/posts"}],"about":[{"href":"https:\/\/www.europesays.com\/pt\/wp-json\/wp\/v2\/types\/post"}],"author":[{"embeddable":true,"href":"https:\/\/www.europesays.com\/pt\/wp-json\/wp\/v2\/users\/2"}],"replies":[{"embeddable":true,"href":"https:\/\/www.europesays.com\/pt\/wp-json\/wp\/v2\/comments?post=139471"}],"version-history":[{"count":0,"href":"https:\/\/www.europesays.com\/pt\/wp-json\/wp\/v2\/posts\/139471\/revisions"}],"wp:featuredmedia":[{"embeddable":true,"href":"https:\/\/www.europesays.com\/pt\/wp-json\/wp\/v2\/media\/139472"}],"wp:attachment":[{"href":"https:\/\/www.europesays.com\/pt\/wp-json\/wp\/v2\/media?parent=139471"}],"wp:term":[{"taxonomy":"category","embeddable":true,"href":"https:\/\/www.europesays.com\/pt\/wp-json\/wp\/v2\/categories?post=139471"},{"taxonomy":"post_tag","embeddable":true,"href":"https:\/\/www.europesays.com\/pt\/wp-json\/wp\/v2\/tags?post=139471"}],"curies":[{"name":"wp","href":"https:\/\/api.w.org\/{rel}","templated":true}]}}