{"id":139473,"date":"2025-11-04T16:43:14","date_gmt":"2025-11-04T16:43:14","guid":{"rendered":"https:\/\/www.europesays.com\/pt\/139473\/"},"modified":"2025-11-04T16:43:14","modified_gmt":"2025-11-04T16:43:14","slug":"michael-fassbender-sera-pai-de-kennedy-em-serie-da-netflix-04-11-2025-ilustrada","status":"publish","type":"post","link":"https:\/\/www.europesays.com\/pt\/139473\/","title":{"rendered":"Michael Fassbender ser\u00e1 pai de Kennedy em s\u00e9rie da Netflix &#8211; 04\/11\/2025 &#8211; Ilustrada"},"content":{"rendered":"<p>O ator Michael Fassbender ser\u00e1 <a href=\"https:\/\/f5.folha.uol.com.br\/voceviu\/2024\/07\/maldicao-dos-kennedy-as-tragedias-que-marcam-poderosa-familia-dos-eua.shtml\" rel=\"nofollow noopener\" target=\"\">Joseph P. Kennedy <\/a><a href=\"https:\/\/f5.folha.uol.com.br\/voceviu\/2024\/07\/maldicao-dos-kennedy-as-tragedias-que-marcam-poderosa-familia-dos-eua.shtml\" rel=\"nofollow noopener\" target=\"\">Sr.<\/a>, empres\u00e1rio e pai do ex-presidente americano John Kennedy, numa nova s\u00e9rie da <a href=\"https:\/\/www1.folha.uol.com.br\/folha-topicos\/netflix\/\" rel=\"nofollow noopener\" target=\"_blank\">Netflix<\/a> que promete se assimilar a <a href=\"https:\/\/www1.folha.uol.com.br\/colunas\/lucianacoelho\/2023\/12\/the-crown-chega-ao-fim-melancolica-como-a-monarquia-pos-elizabeth.shtml\" rel=\"nofollow noopener\" target=\"\">&#8220;The Crown&#8221;<\/a> ao retratar a trajet\u00f3ria pol\u00edtica da fam\u00edlia ao longo das d\u00e9cadas.<\/p>\n<p>Chamada apenas &#8220;Kennedy&#8221;, produzida pela Chernin Entertainment, a s\u00e9rie deve se inspirar no livro &#8220;JFK: Coming of Age in the American Century, 1917\u20131956&#8221;, de Fredrik Logevall, e deve ir desde os anos 1930 at\u00e9 os antecedentes da <a href=\"https:\/\/almanaque.folha.uol.com.br\/mundo_10nov1960.htm\" rel=\"nofollow noopener\" target=\"\">presid\u00eancia de John Kennedy<\/a>.<\/p>\n<p>Por ora, est\u00e1 nos planos uma temporada de oito epis\u00f3dios, centrada na vida \u00edntima, amores, rivalidades e trag\u00e9dias da fam\u00edlia, a partir da ascens\u00e3o de Joseph, Rose Kennedy e seus nove filhos \u2014incluindo o rebelde segundo filho, Jack, que luta para escapar da sombra de seu irm\u00e3o mais velho, o queridinho da fam\u00edlia.<\/p>\n<p>O showrunner ser\u00e1 Sam Shaw, de &#8220;Castle Rock&#8221;, e ter\u00e1 produtores executivos como Eric Roth, Anya Epstein, Dustin Thomason, Anna O&#8217;Malley e o dinamarqu\u00eas <a href=\"https:\/\/www1.folha.uol.com.br\/fsp\/ilustrad\/fq0212200506.htm\" rel=\"nofollow noopener\" target=\"\">Thomas Vinterberg<\/a> \u2014este, de &#8220;A Ca\u00e7a&#8221;, tamb\u00e9m ser\u00e1 um dos diretores.<\/p>\n","protected":false},"excerpt":{"rendered":"O ator Michael Fassbender ser\u00e1 Joseph P. Kennedy Sr., empres\u00e1rio e pai do ex-presidente americano John Kennedy, numa&hellip;\n","protected":false},"author":2,"featured_media":139474,"comment_status":"","ping_status":"","sticky":false,"template":"","format":"standard","meta":{"footnotes":""},"categories":[145],"tags":[31065,5914,211,210,114,115,236,31064,716,32,26944,33,941,940],"class_list":{"0":"post-139473","1":"post","2":"type-post","3":"status-publish","4":"format-standard","5":"has-post-thumbnail","7":"category-celebridades","8":"tag-bob-kennedy","9":"tag-casa-branca","10":"tag-celebridades","11":"tag-celebrities","12":"tag-entertainment","13":"tag-entretenimento","14":"tag-folha","15":"tag-john-kennedy","16":"tag-netflix","17":"tag-portugal","18":"tag-presidente-dos-eua","19":"tag-pt","20":"tag-series","21":"tag-streaming"},"share_on_mastodon":{"url":"https:\/\/pubeurope.com\/@pt\/115492434939579353","error":""},"_links":{"self":[{"href":"https:\/\/www.europesays.com\/pt\/wp-json\/wp\/v2\/posts\/139473","targetHints":{"allow":["GET"]}}],"collection":[{"href":"https:\/\/www.europesays.com\/pt\/wp-json\/wp\/v2\/posts"}],"about":[{"href":"https:\/\/www.europesays.com\/pt\/wp-json\/wp\/v2\/types\/post"}],"author":[{"embeddable":true,"href":"https:\/\/www.europesays.com\/pt\/wp-json\/wp\/v2\/users\/2"}],"replies":[{"embeddable":true,"href":"https:\/\/www.europesays.com\/pt\/wp-json\/wp\/v2\/comments?post=139473"}],"version-history":[{"count":0,"href":"https:\/\/www.europesays.com\/pt\/wp-json\/wp\/v2\/posts\/139473\/revisions"}],"wp:featuredmedia":[{"embeddable":true,"href":"https:\/\/www.europesays.com\/pt\/wp-json\/wp\/v2\/media\/139474"}],"wp:attachment":[{"href":"https:\/\/www.europesays.com\/pt\/wp-json\/wp\/v2\/media?parent=139473"}],"wp:term":[{"taxonomy":"category","embeddable":true,"href":"https:\/\/www.europesays.com\/pt\/wp-json\/wp\/v2\/categories?post=139473"},{"taxonomy":"post_tag","embeddable":true,"href":"https:\/\/www.europesays.com\/pt\/wp-json\/wp\/v2\/tags?post=139473"}],"curies":[{"name":"wp","href":"https:\/\/api.w.org\/{rel}","templated":true}]}}