{"id":139476,"date":"2025-11-04T16:49:13","date_gmt":"2025-11-04T16:49:13","guid":{"rendered":"https:\/\/www.europesays.com\/pt\/139476\/"},"modified":"2025-11-04T16:49:13","modified_gmt":"2025-11-04T16:49:13","slug":"nunca-vou-colocar-coisas-ca-fora-que-nao-sejam-verdade-para-ganhar-votos","status":"publish","type":"post","link":"https:\/\/www.europesays.com\/pt\/139476\/","title":{"rendered":"\u00abNunca vou colocar coisas c\u00e1 fora que n\u00e3o sejam verdade para ganhar votos\u00bb"},"content":{"rendered":"<p>&#8211; Advertisement &#8211;<\/p>\n<p><strong>Rui Costa respondeu a Jo\u00e3o Noronha Lopes. Presidente do Benfica recusa ter \u00abmedo\u00bb de Pedro Proen\u00e7a, presidente da FPF.<\/strong><\/p>\n<p>Rui Costa prestou declara\u00e7\u00f5es \u00e0 margem de uma iniciativa de campanha na Casa do Benfica de \u00c9vora. Al\u00e9m de ter respondido a\u00a0<a href=\"https:\/\/bolanarede.pt\/especial-bola-na-rede\/atualidade\/joao-noronha-lopes-confrontado-com-comparacoes-com-vale-e-azevedo-rui-costa-ajudou-a-eleger-vale-e-azevedo-foi-bandeira-eleitoral\/\" target=\"_blank\" rel=\"noreferrer noopener nofollow\">Noronha Lopes, que acusou Rui Costa de ser \u00abbandeira eleitoral de Vale e Azevedo\u00bb<\/a>, o l\u00edder das \u00e1guias disse o seguinte:<\/p>\n<p>\u00abEu sou isto, mas se for eleito \u00e9 porque os s\u00f3cios querem que fique. Nunca me irei impor aos s\u00f3cios, serei sempre igual a mim pr\u00f3prio, para o bem e para o mal. Por isso \u00e9 que as pessoas me conhecem e estou a ter este o voto de confian\u00e7a dos s\u00f3cios\u00bb.<\/p>\n<p>Rui Costa recusa ter \u00abmedo\u00bb de Pedro Proen\u00e7a, declara\u00e7\u00e3o proferida por Jo\u00e3o Noronha Lopes, e disse o seguinte:<\/p>\n<p>\u00abMedo, eu? J\u00e1 falei v\u00e1rias vezes do apoio dado na candidatura \u00e0 Federa\u00e7\u00e3o Portuguesa de Futebol. Est\u00e1 mais do que explicado, n\u00e3o tenho medo de falar de qualquer tema. Nunca terei medo de nada. N\u00e3o vale tudo, nunca me vou impor aos s\u00f3cios. Se quiserem que continue a ser presidente, c\u00e1 estarei a dar a vida por este clube, mas nunca me vou impor nem colocar coisas c\u00e1 fora que n\u00e3o sejam verdade para ganhar votos\u00bb.<\/p>\n<p>\u00abDisse logo no domingo, a seguir \u00e0quele estrondoso dia, que nenhum\u00a0candidato \u00e9 dono dos s\u00f3cios. Disse que teria de ganhar os s\u00f3cios, n\u00e3o os candidatos que tinham acabado sair. Agrade\u00e7o a quem vai votar em mim, mas o que espero \u00e9 garantir os s\u00f3cios e n\u00e3o os candidatos\u00bb, disse ainda Rui Costa.<\/p>\n<p>\u00abApelo ao voto, at\u00e9 porque queremos bater o recorde de vota\u00e7\u00e3o. Al\u00e9m de n\u00e3o perder o eleitorado da primeira volta, quer eu, quer o outro candidato, temos de ir buscar mais alguma coisa a outros lados para fazer a maioria\u00bb, referiu.<\/p>\n","protected":false},"excerpt":{"rendered":"&#8211; Advertisement &#8211; Rui Costa respondeu a Jo\u00e3o Noronha Lopes. Presidente do Benfica recusa ter \u00abmedo\u00bb de Pedro&hellip;\n","protected":false},"author":2,"featured_media":105966,"comment_status":"","ping_status":"","sticky":false,"template":"","format":"standard","meta":{"footnotes":""},"categories":[87],"tags":[260,51,135,9940,32,33,6058,134],"class_list":{"0":"post-139476","1":"post","2":"type-post","3":"status-publish","4":"format-standard","5":"has-post-thumbnail","7":"category-desporto","8":"tag-atualidade","9":"tag-benfica","10":"tag-desporto","11":"tag-joao-noronha-lopes","12":"tag-portugal","13":"tag-pt","14":"tag-rui-costa","15":"tag-sports"},"share_on_mastodon":{"url":"https:\/\/pubeurope.com\/@pt\/115492458737066917","error":""},"_links":{"self":[{"href":"https:\/\/www.europesays.com\/pt\/wp-json\/wp\/v2\/posts\/139476","targetHints":{"allow":["GET"]}}],"collection":[{"href":"https:\/\/www.europesays.com\/pt\/wp-json\/wp\/v2\/posts"}],"about":[{"href":"https:\/\/www.europesays.com\/pt\/wp-json\/wp\/v2\/types\/post"}],"author":[{"embeddable":true,"href":"https:\/\/www.europesays.com\/pt\/wp-json\/wp\/v2\/users\/2"}],"replies":[{"embeddable":true,"href":"https:\/\/www.europesays.com\/pt\/wp-json\/wp\/v2\/comments?post=139476"}],"version-history":[{"count":0,"href":"https:\/\/www.europesays.com\/pt\/wp-json\/wp\/v2\/posts\/139476\/revisions"}],"wp:featuredmedia":[{"embeddable":true,"href":"https:\/\/www.europesays.com\/pt\/wp-json\/wp\/v2\/media\/105966"}],"wp:attachment":[{"href":"https:\/\/www.europesays.com\/pt\/wp-json\/wp\/v2\/media?parent=139476"}],"wp:term":[{"taxonomy":"category","embeddable":true,"href":"https:\/\/www.europesays.com\/pt\/wp-json\/wp\/v2\/categories?post=139476"},{"taxonomy":"post_tag","embeddable":true,"href":"https:\/\/www.europesays.com\/pt\/wp-json\/wp\/v2\/tags?post=139476"}],"curies":[{"name":"wp","href":"https:\/\/api.w.org\/{rel}","templated":true}]}}