{"id":139485,"date":"2025-11-04T16:55:30","date_gmt":"2025-11-04T16:55:30","guid":{"rendered":"https:\/\/www.europesays.com\/pt\/139485\/"},"modified":"2025-11-04T16:55:30","modified_gmt":"2025-11-04T16:55:30","slug":"gravida-de-37-semanas-perde-bebe-em-coimbra-familia-acusa-maternidade-de-negligencia","status":"publish","type":"post","link":"https:\/\/www.europesays.com\/pt\/139485\/","title":{"rendered":"Gr\u00e1vida de 37 semanas perde beb\u00e9 em Coimbra. Fam\u00edlia acusa maternidade de neglig\u00eancia"},"content":{"rendered":"<p data-remotead-prev-elm=\"true\" data-remotead-elm-id=\"inread\">A Unidade Local de Sa\u00fade (ULS) de Coimbra manifestou &#8220;sincera empatia e solidariedade para com a m\u00e3e e a fam\u00edlia&#8221; de um beb\u00e9 que morreu, no \u00faltimo fim de semana, na barriga da m\u00e3e, na Maternidade Daniel de Matos. A mulher estava a ser acompanhada noutra maternidade de Coimbra e sentiu-se mal a 1 de novembro, tendo sido encaminhada para a Daniel de Matos, onde se confirmou o desfecho tr\u00e1gico. A fam\u00edlia considera que houve neglig\u00eancia e falta de assist\u00eancia m\u00e9dica, pretendendo avan\u00e7ar com uma queixa.<\/p>\n<p>A utente em causa, gr\u00e1vida com 37 semanas, estava a ser seguida na Maternidade Bissaya Barreto, &#8220;com vigil\u00e2ncia e evolu\u00e7\u00e3o adequadas&#8221;, tendo tido consulta a 29 de outubro, &#8220;com avalia\u00e7\u00e3o cl\u00ednica completa, ecografia e cardiotocografia, com todos os par\u00e2metros dentro da normalidade&#8221;, refere a ULS.<\/p>\n<p>No dia 1 de novembro foi encaminhada para a Maternidade Daniel de Matos, onde deu entrada nas urg\u00eancias \u00e0s 22.29 horas, &#8220;ap\u00f3s epis\u00f3dio de hemorragia no domic\u00edlio&#8221;. Foi internada e realizou exames complementares de diagn\u00f3stico, sendo que a &#8220;cardiotocografia detetou aus\u00eancia de vitalidade fetal, imediatamente confirmada atrav\u00e9s de ecografia&#8221;.<\/p>\n<p data-remotead-prev-elm=\"true\" data-remotead-elm-id=\"centro1\">Depois de informada a m\u00e3e e de oferecido apoio psicol\u00f3gico, foi &#8220;realizada cesariana, nomeadamente por indica\u00e7\u00e3o cl\u00ednica pr\u00e9via por patologia ginecol\u00f3gica preexistente. Dados ecogr\u00e1ficos e de geneticista confirmaram sinais de morte fetal pr\u00e9via&#8221;, acrescenta a ULS.<\/p>\n<p>Esta ter\u00e7a-feira a ULS indicou que a utente &#8220;revela uma boa evolu\u00e7\u00e3o p\u00f3s-operat\u00f3ria, continuando internada e devidamente acompanhada&#8221;. Foi, entretanto, &#8220;desencadeado estudo anatomopatol\u00f3gico, do qual se aguardam resultados&#8221;, para tentar esclarecer o que motivou a situa\u00e7\u00e3o.<\/p>\n","protected":false},"excerpt":{"rendered":"A Unidade Local de Sa\u00fade (ULS) de Coimbra manifestou &#8220;sincera empatia e solidariedade para com a m\u00e3e e&hellip;\n","protected":false},"author":2,"featured_media":139486,"comment_status":"","ping_status":"","sticky":false,"template":"","format":"standard","meta":{"footnotes":""},"categories":[10],"tags":[2557,27,28,1911,29579,15,16,1041,14,25,26,21,22,31066,12,13,19,20,32,23,24,33,117,17,18,29,30,31],"class_list":{"0":"post-139485","1":"post","2":"type-post","3":"status-publish","4":"format-standard","5":"has-post-thumbnail","7":"category-portugal","8":"tag-bebe","9":"tag-breaking-news","10":"tag-breakingnews","11":"tag-coimbra","12":"tag-concelho-coimbra","13":"tag-featured-news","14":"tag-featurednews","15":"tag-gravidez","16":"tag-headlines","17":"tag-latest-news","18":"tag-latestnews","19":"tag-main-news","20":"tag-mainnews","21":"tag-negligencia","22":"tag-news","23":"tag-noticias","24":"tag-noticias-principais","25":"tag-noticiasprincipais","26":"tag-portugal","27":"tag-principais-noticias","28":"tag-principaisnoticias","29":"tag-pt","30":"tag-saude","31":"tag-top-stories","32":"tag-topstories","33":"tag-ultimas","34":"tag-ultimas-noticias","35":"tag-ultimasnoticias"},"share_on_mastodon":{"url":"https:\/\/pubeurope.com\/@pt\/115492482248564780","error":""},"_links":{"self":[{"href":"https:\/\/www.europesays.com\/pt\/wp-json\/wp\/v2\/posts\/139485","targetHints":{"allow":["GET"]}}],"collection":[{"href":"https:\/\/www.europesays.com\/pt\/wp-json\/wp\/v2\/posts"}],"about":[{"href":"https:\/\/www.europesays.com\/pt\/wp-json\/wp\/v2\/types\/post"}],"author":[{"embeddable":true,"href":"https:\/\/www.europesays.com\/pt\/wp-json\/wp\/v2\/users\/2"}],"replies":[{"embeddable":true,"href":"https:\/\/www.europesays.com\/pt\/wp-json\/wp\/v2\/comments?post=139485"}],"version-history":[{"count":0,"href":"https:\/\/www.europesays.com\/pt\/wp-json\/wp\/v2\/posts\/139485\/revisions"}],"wp:featuredmedia":[{"embeddable":true,"href":"https:\/\/www.europesays.com\/pt\/wp-json\/wp\/v2\/media\/139486"}],"wp:attachment":[{"href":"https:\/\/www.europesays.com\/pt\/wp-json\/wp\/v2\/media?parent=139485"}],"wp:term":[{"taxonomy":"category","embeddable":true,"href":"https:\/\/www.europesays.com\/pt\/wp-json\/wp\/v2\/categories?post=139485"},{"taxonomy":"post_tag","embeddable":true,"href":"https:\/\/www.europesays.com\/pt\/wp-json\/wp\/v2\/tags?post=139485"}],"curies":[{"name":"wp","href":"https:\/\/api.w.org\/{rel}","templated":true}]}}