{"id":139498,"date":"2025-11-04T17:10:18","date_gmt":"2025-11-04T17:10:18","guid":{"rendered":"https:\/\/www.europesays.com\/pt\/139498\/"},"modified":"2025-11-04T17:10:18","modified_gmt":"2025-11-04T17:10:18","slug":"acj-critica-orgaos-de-comunicacao-publicos-%e2%80%b3ausentes%e2%80%b3-enquanto-o-seu-adversario-%e2%80%b3tem-cobertura-massiva%e2%80%b3-rms-aposta-na-juventude-que-quer-%e2%80%b3sentar-na","status":"publish","type":"post","link":"https:\/\/www.europesays.com\/pt\/139498\/","title":{"rendered":"ACJ critica \u00f3rg\u00e3os de comunica\u00e7\u00e3o p\u00fablicos \u2033ausentes\u2033, enquanto o seu advers\u00e1rio \u2033tem cobertura massiva\u2033 \u2013 RMS aposta na juventude, que quer \u2033sentar na mesa dos mais velhos\u2033"},"content":{"rendered":"<p>&#8220;Aqui tivemos ontem uma candidatura com todos os \u00f3rg\u00e3os p\u00fablicos presentes. Onde est\u00e3o agora?&#8221;, questionou Adalberto Costa J\u00fanior, fazendo refer\u00eancia ao seu advers\u00e1rio Rafael Sakaita Massanga Savimbi, que nos seus actos tem tido uma cobertura massiva dos \u00f3rg\u00e3os do Estado.<\/p>\n<p>&#8220;A culpa n\u00e3o \u00e9 do nosso companheiro, \u00e9 do partido que intoxica a mente dos cidad\u00e3os com falsas informa\u00e7\u00f5es&#8221;, acrescentou, frisando que a aus\u00eancia dos meios p\u00fablicos nas suas actividades \u00e9 um entrave ao fortalecimento da democracia angolana.<\/p>\n<p>Adalberto Costa J\u00fanior, que j\u00e1 esteve nas prov\u00edncias de Malanje, Bengo, Cuanza Norte, Luanda e Icolo, Bengo e Zaire, entende que comunica\u00e7\u00e3o social p\u00fablica, financiada pelo Estado, deve servir o interesse da sociedade como um todo, e n\u00e3o exclusivamente os interesses do poder Executivo e do seu partido.<\/p>\n<p>Adalberto Costa J\u00fanior, que pediu mais um mandato para os pr\u00f3ximos anos, lembrou que nas elei\u00e7\u00f5es de 2022 o seu partido venceu, mas a falta de democracia levou a que n\u00e3o fosse Governo hoje.<\/p>\n<p>O ainda l\u00edder da UNITA diz que em 2027 haver\u00e1 altern\u00e2ncia pol\u00edtica no Pa\u00eds e pede uni\u00e3o aos militantes do seu partido e da popula\u00e7\u00e3o em geral para derrotarem o MPLA, no poder desde a independ\u00eancia nacional, em 1975.<\/p>\n<p>Adalberto Costa J\u00fanior e Rafael Sakaita Massanga Savimbi concentram esfor\u00e7os para ganhar mais visibilidade e mobilizar eleitores nas prov\u00edncias por onde passam \u00e0 &#8220;ca\u00e7a&#8221; de votos, com os discursos virados para a unidade no seio do partido.<\/p>\n<p>Depois da prov\u00edncia de Luanda, onde abriu a sua campanha eleitoral, Rafael Massanga Savimbi prometeu, na segunda-feira, 03 na prov\u00edncia do Icolo e Bengo, o refor\u00e7o da unidade e coes\u00e3o no seio do partido, caso ven\u00e7a as elei\u00e7\u00f5es, visando alcan\u00e7ar a altern\u00e2ncia pol\u00edtica no pleito de 2027.<\/p>\n<p>&#8220;Enquanto candidato \u00e0 presid\u00eancia da UNITA, entendo que o nosso pa\u00eds enfrenta desafios s\u00e9rios: o desemprego crescente, a falta de acesso ao cr\u00e9dito, o encerramento de empresas e a fragilidade do ambiente econ\u00f3mico&#8221;, disse.<\/p>\n<p>Referiu que para que Angola entre num verdadeiro caminho de crescimento e desenvolvimento \u00e9 essencial apostar na iniciativa privada, valorizando e apoiando as micro, pequenas e m\u00e9dias empresas &#8211; que s\u00e3o o motor da economia e a fonte de emprego para milhares de fam\u00edlias.<\/p>\n<p>O filho do fundador da UNITA segue esta ter\u00e7a-feira, 04, para a prov\u00edncia do U\u00edge, onde vai apresentar o seu projecto para o partido e para o Pa\u00fas aos eleitores.<\/p>\n<p>Na prov\u00edncia do Zaire, Adalberto Costa J\u00fanior elogiou a forma como foi recebido pelo governador provincial, Adriano Mendes de Carvalho.<\/p>\n<p>&#8220;\u00c9 esta Angola de toler\u00e2ncia, de di\u00e1logo e de valores acima das diferen\u00e7as pol\u00edticas que desejamos e sonhamos. Uma Angola onde o interesse nacional se sobrep\u00f5e aos interesses partid\u00e1rios&#8221;, destacou.<\/p>\n<p>&#8220;Vamos dialogar com os militantes e cidad\u00e3os, partilhando a vis\u00e3o que inspira a nossa caminhada, e renovar compromissos com o futuro de Angola. Mesmo sendo uma segunda-feira, dia normal de trabalho, as ruas encheram-se de cor, f\u00e9 e entusiasmo. Um gesto que reflete o esp\u00edrito de um povo que acredita na mudan\u00e7a e abra\u00e7a a esperan\u00e7a&#8221;, acrescentou.<\/p>\n<p>Nas prov\u00edncias por onde passou Adalberto Costa J\u00fanior, como l\u00edder da oposi\u00e7\u00e3o, tem falado sobre o sofrimento dos angolanos, associando-o a quest\u00f5es como a falta de acesso a recursos b\u00e1sicos como electricidade e \u00e1gua, e \u00e0 pobreza extrema das pessoas.<\/p>\n<p>Criticou o Governo, que considera respons\u00e1vel por esta situa\u00e7\u00e3o, e tamb\u00e9m aponta para a corrup\u00e7\u00e3o como um dos principais problemas.<\/p>\n<p>O Congresso Ordin\u00e1rio da UNITA ter\u00e1 lugar nos dias 28, 29 e 30 de Novembro, em Luanda, com o lema &#8220;Unidos para a Altern\u00e2ncia, Estabilidade e Desenvolvimento&#8221;.<\/p>\n<p>O principal objectivo do evento \u00e9 eleger o pr\u00f3ximo presidente do partido, rever os estatutos e programas da organiza\u00e7\u00e3o e aprovar o programa de governa\u00e7\u00e3o, tendo em vista as elei\u00e7\u00f5es de 2027<\/p>\n","protected":false},"excerpt":{"rendered":"&#8220;Aqui tivemos ontem uma candidatura com todos os \u00f3rg\u00e3os p\u00fablicos presentes. Onde est\u00e3o agora?&#8221;, questionou Adalberto Costa J\u00fanior,&hellip;\n","protected":false},"author":2,"featured_media":139499,"comment_status":"","ping_status":"","sticky":false,"template":"","format":"standard","meta":{"footnotes":""},"categories":[50],"tags":[2992,2713,836,1063,1753,3003,2995,27,28,470,1195,315,135,3005,476,2993,2258,1169,15,16,2085,524,3002,3000,643,14,2998,2086,1856,82,2513,1428,25,26,2996,2994,2997,21,22,606,3001,62,150,619,12,718,2990,13,19,20,2991,2989,835,602,52,32,23,24,2999,548,679,58,2387,218,605,17,18,151,29,30,31,578,63,64,65,3004],"class_list":{"0":"post-139498","1":"post","2":"type-post","3":"status-publish","4":"format-standard","5":"has-post-thumbnail","7":"category-mundo","8":"tag-actualidade","9":"tag-africa","10":"tag-analise","11":"tag-angola","12":"tag-artes","13":"tag-assinatura","14":"tag-benguela","15":"tag-breaking-news","16":"tag-breakingnews","17":"tag-cinema","18":"tag-concerto","19":"tag-cultura","20":"tag-desporto","21":"tag-download","22":"tag-economia","23":"tag-editorial","24":"tag-eleicoes","25":"tag-facebook","26":"tag-featured-news","27":"tag-featurednews","28":"tag-fotografia","29":"tag-futebol","30":"tag-galeria","31":"tag-girabola","32":"tag-google","33":"tag-headlines","34":"tag-huambo","35":"tag-imagem","36":"tag-informacao","37":"tag-internacional","38":"tag-jornal","39":"tag-jornalismo","40":"tag-latest-news","41":"tag-latestnews","42":"tag-lobito","43":"tag-luanda","44":"tag-lubango","45":"tag-main-news","46":"tag-mainnews","47":"tag-meteorologia","48":"tag-multimedia","49":"tag-mundo","50":"tag-musica","51":"tag-nacional","52":"tag-news","53":"tag-newsletter","54":"tag-nj","55":"tag-noticias","56":"tag-noticias-principais","57":"tag-noticiasprincipais","58":"tag-nova-vaga","59":"tag-novo-jornal","60":"tag-opiniao","61":"tag-pais","62":"tag-politica","63":"tag-portugal","64":"tag-principais-noticias","65":"tag-principaisnoticias","66":"tag-provincias","67":"tag-redes-sociais","68":"tag-reportagem","69":"tag-sociedade","70":"tag-teatro","71":"tag-televisao","72":"tag-tempo","73":"tag-top-stories","74":"tag-topstories","75":"tag-tv","76":"tag-ultimas","77":"tag-ultimas-noticias","78":"tag-ultimasnoticias","79":"tag-video","80":"tag-world","81":"tag-world-news","82":"tag-worldnews","83":"tag-youtube"},"share_on_mastodon":{"url":"","error":"Validation failed: Text character limit of 500 exceeded"},"_links":{"self":[{"href":"https:\/\/www.europesays.com\/pt\/wp-json\/wp\/v2\/posts\/139498","targetHints":{"allow":["GET"]}}],"collection":[{"href":"https:\/\/www.europesays.com\/pt\/wp-json\/wp\/v2\/posts"}],"about":[{"href":"https:\/\/www.europesays.com\/pt\/wp-json\/wp\/v2\/types\/post"}],"author":[{"embeddable":true,"href":"https:\/\/www.europesays.com\/pt\/wp-json\/wp\/v2\/users\/2"}],"replies":[{"embeddable":true,"href":"https:\/\/www.europesays.com\/pt\/wp-json\/wp\/v2\/comments?post=139498"}],"version-history":[{"count":0,"href":"https:\/\/www.europesays.com\/pt\/wp-json\/wp\/v2\/posts\/139498\/revisions"}],"wp:featuredmedia":[{"embeddable":true,"href":"https:\/\/www.europesays.com\/pt\/wp-json\/wp\/v2\/media\/139499"}],"wp:attachment":[{"href":"https:\/\/www.europesays.com\/pt\/wp-json\/wp\/v2\/media?parent=139498"}],"wp:term":[{"taxonomy":"category","embeddable":true,"href":"https:\/\/www.europesays.com\/pt\/wp-json\/wp\/v2\/categories?post=139498"},{"taxonomy":"post_tag","embeddable":true,"href":"https:\/\/www.europesays.com\/pt\/wp-json\/wp\/v2\/tags?post=139498"}],"curies":[{"name":"wp","href":"https:\/\/api.w.org\/{rel}","templated":true}]}}