{"id":139500,"date":"2025-11-04T17:12:10","date_gmt":"2025-11-04T17:12:10","guid":{"rendered":"https:\/\/www.europesays.com\/pt\/139500\/"},"modified":"2025-11-04T17:12:10","modified_gmt":"2025-11-04T17:12:10","slug":"helicoptero-de-loule-esta-inoperacional-desde-sabado-observador","status":"publish","type":"post","link":"https:\/\/www.europesays.com\/pt\/139500\/","title":{"rendered":"helic\u00f3ptero de Loul\u00e9 est\u00e1 inoperacional desde s\u00e1bado \u2013 Observador"},"content":{"rendered":"<p>O INEM reconheceu esta segunda-feira que o helic\u00f3ptero de Loul\u00e9 ficou inoperacional no s\u00e1bado \u00e0 tarde, salientando que, mesmo que estivesse operacional, n\u00e3o poderia assegurar o <a href=\"https:\/\/observador.pt\/2025\/11\/02\/recem-nascido-com-hemorragia-cerebral-e-transportado-de-faro-a-lisboa-de-ambulancia-helicoptero-nao-estava-disponivel\/\" rel=\"nofollow noopener\" target=\"_blank\">transporte de um beb\u00e9 entre Faro e Lisboa devido \u00e0s condi\u00e7\u00f5es meteorol\u00f3gicas<\/a> adversas.<\/p>\n<p>\u201cO helic\u00f3ptero com base em Loul\u00e9 ficou inoperacional cerca das 15h de s\u00e1bado, dia 1 de novembro, por motivos de manuten\u00e7\u00e3o e log\u00edsticos, prevendo-se que retome a operacionalidade no decorrer do dia de amanh\u00e3\u201d [ter\u00e7a-feira], adiantou o Instituto Nacional de Emerg\u00eancia M\u00e9dica (INEM) \u00e0 Lusa.<\/p>\n<blockquote class=\"wp-embedded-content\" data-secret=\"xouRUEVV4b\">\n<p><a href=\"https:\/\/observador.pt\/2025\/11\/02\/recem-nascido-com-hemorragia-cerebral-e-transportado-de-faro-a-lisboa-de-ambulancia-helicoptero-nao-estava-disponivel\/\" rel=\"nofollow noopener\" target=\"_blank\">INEM diz que rec\u00e9m-nascido n\u00e3o foi para Lisboa de helic\u00f3ptero devido a mau tempo<\/a><\/p>\n<\/blockquote>\n<p>Em causa est\u00e1 o transporte no s\u00e1bado de um beb\u00e9 em estado cr\u00edtico entre os hospitais de Faro e Dona Estef\u00e2nia, em Lisboa, por ambul\u00e2ncia, depois de o helic\u00f3ptero do INEM n\u00e3o ter assegurado a transfer\u00eancia do rec\u00e9m-nascido. Segundo o INEM, o transporte entre estes hospitais \u201cn\u00e3o poderia ter sido assegurado por via a\u00e9rea a partir de qualquer das bases, \u00c9vora ou Loul\u00e9, devido \u00e0s condi\u00e7\u00f5es meteorol\u00f3gicas adversas que se faziam sentir na altura do pedido, tamb\u00e9m em Lisboa\u201d.<\/p>\n<p>\u201cOu seja, mesmo que o helic\u00f3ptero de Loul\u00e9 estivesse operacional, o transporte n\u00e3o poderia ser concretizado com recurso a este meio a\u00e9reo\u201d, adiantou o instituto, avan\u00e7ando que assegurou a resposta ao pedido por via terrestre, atrav\u00e9s de uma ambul\u00e2ncia de transporte inter-hospitalar pedi\u00e1trico, \u201cgarantindo o transporte e o acompanhamento m\u00e9dico ao beb\u00e9 com a m\u00e1xima seguran\u00e7a\u201d.<\/p>\n<p>O transporte inter-hospitalar pedi\u00e1trico (TIP) dedica-se especificamente ao transporte de rec\u00e9m-nascidos e doentes pedi\u00e1tricos em estado cr\u00edtico entre unidades de sa\u00fade, atrav\u00e9s de ambul\u00e2ncias que disp\u00f5em de uma tripula\u00e7\u00e3o constitu\u00edda por um m\u00e9dico, um enfermeiro e um t\u00e9cnico de emerg\u00eancia pr\u00e9-hospitalar.<\/p>\n<p>De acordo com o INEM, estas ambul\u00e2ncias est\u00e3o equipadas com \u201ctodo o material necess\u00e1rio\u201d \u00e0 estabiliza\u00e7\u00e3o de doentes dos zero aos 18 anos, permitindo o seu transporte para hospitais onde existam unidades diferenciadas com capacidade para o seu tratamento. Na sequ\u00eancia deste caso, a <a href=\"https:\/\/observador.pt\/2025\/11\/03\/igas-abre-inquerito-para-averiguar-indisponibilidade-de-helicoptero-do-inem-do-algarve\/\" rel=\"nofollow noopener\" target=\"_blank\">Inspe\u00e7\u00e3o-Geral das Atividades em Sa\u00fade (IGAS) instaurou esta segunda-feira um processo de esclarecimento<\/a>, solicitando ao INEM e \u00e0 Unidade Local de Sa\u00fade do Algarve para se pronunciarem.<\/p>\n<blockquote class=\"wp-embedded-content\" data-secret=\"oLSlZkP8qk\">\n<p><a href=\"https:\/\/observador.pt\/2025\/11\/03\/igas-abre-inquerito-para-averiguar-indisponibilidade-de-helicoptero-do-inem-do-algarve\/\" rel=\"nofollow noopener\" target=\"_blank\">IGAS abre inqu\u00e9rito para averiguar indisponibilidade de helic\u00f3ptero do INEM do Algarve<\/a><\/p>\n<\/blockquote>\n<p>Tamb\u00e9m a Entidade Reguladora da Sa\u00fade (ERS) adiantou \u00e0 Lusa que \u201cinstaurou um processo de avalia\u00e7\u00e3o ao caso\u201d para analisar os factos. No s\u00e1bado, o INEM anunciou que todos os quatro novos helic\u00f3pteros de emerg\u00eancia m\u00e9dica tinham come\u00e7ado a operar em pleno, diariamente por per\u00edodos de 24 horas, ao fim de um atraso de quatro meses.<\/p>\n<p>Em comunicado, o instituto referiu que o novo contrato de helitransporte de emerg\u00eancia garantia a partir de s\u00e1bado \u201ca disponibilidade permanente\u201d das quatro aeronaves, sediadas nas bases de Macedo de Cavaleiros, Viseu, \u00c9vora e Loul\u00e9, \u201cassegurando cobertura a\u00e9rea em todo o territ\u00f3rio continental\u201d em regime de \u201c24 horas por dia, sete dias por semana\u201d.<\/p>\n<p><strong>[Chegou\u00a0<\/strong><b>o hist\u00f3rico debate entre Soares e Freitas. E o socialista j\u00e1 conseguiu o voto dos\u00a0<\/b><b>comunistas sem \u201colhar para\u00a0o retrato\u201d dele<\/b>.\u00a0<strong>A\u00a0<a href=\"https:\/\/observador.pt\/programas\/a-eleio-mais-louca-de-sempre\/episodio-5-uma-armadilha-em-direto\/\" rel=\"nofollow noopener\" target=\"_blank\">\u201cElei\u00e7\u00e3o Mais Louca de Sempre\u201d<\/a>\u00a0\u00e9 o novo Podcast Plus do Observador sobre as Presidenciais de 1986. Uma s\u00e9rie narrada pelo ator Gon\u00e7alo Waddington, com banda sonora original de Samuel \u00daria. Pode ouvir\u00a0<a href=\"https:\/\/observador.pt\/programas\/a-eleio-mais-louca-de-sempre\/episodio-5-uma-armadilha-em-direto\/\" rel=\"nofollow noopener\" target=\"_blank\">aqui<\/a>, no\u00a0Observador, e tamb\u00e9m na\u00a0<a href=\"https:\/\/podcasts.apple.com\/pt\/podcast\/epis%C3%B3dio-5-uma-armadilha-em-direto\/id1841273464?i=1000733759807\" rel=\"nofollow noopener\" target=\"_blank\">Apple Podcasts<\/a>, no\u00a0<a href=\"https:\/\/open.spotify.com\/episode\/28mDVafMTtrt5QAwWYdye2?si=c6e9dabb29734f15\" rel=\"nofollow noopener\" target=\"_blank\">Spotify<\/a>\u00a0e no\u00a0<a href=\"https:\/\/music.youtube.com\/watch?v=78x1Dlhn7v4&amp;si=O1yv2xMDjId6CreQ\" rel=\"nofollow noopener\" target=\"_blank\">Youtube Music<\/a>. E pode ouvir o primeiro epis\u00f3dio\u00a0<a href=\"https:\/\/observador.pt\/programas\/a-eleio-mais-louca-de-sempre\/estreia-a-eleicao-mais-louca-de-sempre-episodio-1-apostamos-no-cavalo-errado\/\" target=\"_blank\" rel=\"noopener nofollow\">aqui<\/a>,\u00a0o segundo\u00a0<a href=\"https:\/\/observador.pt\/programas\/a-eleio-mais-louca-de-sempre\/episodio-2-uma-traicao-inesperada\/\" target=\"_blank\" rel=\"noopener nofollow\">aqui<\/a>,\u00a0o terceiro\u00a0<a href=\"https:\/\/observador.pt\/programas\/a-eleio-mais-louca-de-sempre\/episodio-3-ele-nao-e-meu-irmao\/\" rel=\"nofollow noopener\" target=\"_blank\">aqui<\/a>\u00a0e o\u00a0<a href=\"https:\/\/observador.pt\/programas\/a-eleio-mais-louca-de-sempre\/episodio-4-portugal-nao-e-moscovo\/\" rel=\"nofollow noopener\" target=\"_blank\">quarto<\/a>\u00a0aqui]<\/strong><\/p>\n<p><a href=\"https:\/\/observador.pt\/programas\/a-eleio-mais-louca-de-sempre\/episodio-5-uma-armadilha-em-direto\/\" target=\"_blank\" rel=\"noopener nofollow\"><\/p>\n<p>        <img src=\"https:\/\/www.europesays.com\/pt\/wp-content\/uploads\/2025\/10\/1761878958_488_770-a-eleicao-mais-louca-de-sempre-playicon.png\" alt=\"\" loading=\"lazy\" decoding=\"async\" class=\"gmail-CToWUd alignnone\" onload=\"this.parentElement.classList.remove('spinner')\" onerror=\"this.parentElement.classList.remove('spinner')\" width=\"770\" height=\"433\"\/>    <\/p>\n<p><\/a><\/p>\n","protected":false},"excerpt":{"rendered":"O INEM reconheceu esta segunda-feira que o helic\u00f3ptero de Loul\u00e9 ficou inoperacional no s\u00e1bado \u00e0 tarde, salientando que,&hellip;\n","protected":false},"author":2,"featured_media":139501,"comment_status":"","ping_status":"","sticky":false,"template":"","format":"standard","meta":{"footnotes":""},"categories":[10],"tags":[27,28,15,16,14,7923,25,26,21,22,12,13,19,20,32,23,24,33,2946,17,18,29,30,31],"class_list":{"0":"post-139500","1":"post","2":"type-post","3":"status-publish","4":"format-standard","5":"has-post-thumbnail","7":"category-portugal","8":"tag-breaking-news","9":"tag-breakingnews","10":"tag-featured-news","11":"tag-featurednews","12":"tag-headlines","13":"tag-inem","14":"tag-latest-news","15":"tag-latestnews","16":"tag-main-news","17":"tag-mainnews","18":"tag-news","19":"tag-noticias","20":"tag-noticias-principais","21":"tag-noticiasprincipais","22":"tag-portugal","23":"tag-principais-noticias","24":"tag-principaisnoticias","25":"tag-pt","26":"tag-sau00fade","27":"tag-top-stories","28":"tag-topstories","29":"tag-ultimas","30":"tag-ultimas-noticias","31":"tag-ultimasnoticias"},"share_on_mastodon":{"url":"https:\/\/pubeurope.com\/@pt\/115492549600026776","error":""},"_links":{"self":[{"href":"https:\/\/www.europesays.com\/pt\/wp-json\/wp\/v2\/posts\/139500","targetHints":{"allow":["GET"]}}],"collection":[{"href":"https:\/\/www.europesays.com\/pt\/wp-json\/wp\/v2\/posts"}],"about":[{"href":"https:\/\/www.europesays.com\/pt\/wp-json\/wp\/v2\/types\/post"}],"author":[{"embeddable":true,"href":"https:\/\/www.europesays.com\/pt\/wp-json\/wp\/v2\/users\/2"}],"replies":[{"embeddable":true,"href":"https:\/\/www.europesays.com\/pt\/wp-json\/wp\/v2\/comments?post=139500"}],"version-history":[{"count":0,"href":"https:\/\/www.europesays.com\/pt\/wp-json\/wp\/v2\/posts\/139500\/revisions"}],"wp:featuredmedia":[{"embeddable":true,"href":"https:\/\/www.europesays.com\/pt\/wp-json\/wp\/v2\/media\/139501"}],"wp:attachment":[{"href":"https:\/\/www.europesays.com\/pt\/wp-json\/wp\/v2\/media?parent=139500"}],"wp:term":[{"taxonomy":"category","embeddable":true,"href":"https:\/\/www.europesays.com\/pt\/wp-json\/wp\/v2\/categories?post=139500"},{"taxonomy":"post_tag","embeddable":true,"href":"https:\/\/www.europesays.com\/pt\/wp-json\/wp\/v2\/tags?post=139500"}],"curies":[{"name":"wp","href":"https:\/\/api.w.org\/{rel}","templated":true}]}}