{"id":139502,"date":"2025-11-04T17:13:13","date_gmt":"2025-11-04T17:13:13","guid":{"rendered":"https:\/\/www.europesays.com\/pt\/139502\/"},"modified":"2025-11-04T17:13:13","modified_gmt":"2025-11-04T17:13:13","slug":"irma-de-marisa-quebra-o-silencio-e-revela-como-estao-os-filhos-do-casal-apos-toda-a-polemica","status":"publish","type":"post","link":"https:\/\/www.europesays.com\/pt\/139502\/","title":{"rendered":"Irm\u00e3 de Marisa &#8216;quebra o sil\u00eancio&#8217; e revela como est\u00e3o os filhos do casal ap\u00f3s toda a pol\u00e9mica"},"content":{"rendered":"<p>\t\t\t\t\t\t\t\t\t\t\t\t<a href=\"#\" onclick=\"window.open('http:\/\/www.facebook.com\/sharer.php?u=https:\/\/cusquices.com\/irma-de-marisa-quebra-o-silencio-e-revela-como-estao-os-filhos-do-casal-apos-toda-a-polemica\/&amp;t=Irm\u00e3 de Marisa \u2018quebra o sil\u00eancio\u2019 e revela como est\u00e3o os filhos do casal ap\u00f3s toda a pol\u00e9mica', 'facebookShare', 'width=626,height=436'); return false;\" title=\"Share on Facebook\"><\/p>\n<p>Share<\/p>\n<p><\/a><br \/>\n\t\t\t\t\t\t\t\t\t\t\t\t<a href=\"#\" onclick=\"window.open('http:\/\/twitter.com\/share?text=Irm\u00e3 de Marisa \u2018quebra o sil\u00eancio\u2019 e revela como est\u00e3o os filhos do casal ap\u00f3s toda a pol\u00e9mica -&amp;url=https:\/\/cusquices.com\/irma-de-marisa-quebra-o-silencio-e-revela-como-estao-os-filhos-do-casal-apos-toda-a-polemica\/', 'twitterShare', 'width=626,height=436'); return false;\" title=\"Tweet This Post\"><\/p>\n<p>Tweet<\/p>\n<p><\/a><br \/>\n\t\t\t\t\t\t\t\t\t\t\t\t<a href=\"whatsapp:\/\/send?text=Irm\u00e3 de Marisa \u2018quebra o sil\u00eancio\u2019 e revela como est\u00e3o os filhos do casal ap\u00f3s toda a pol\u00e9mica https:\/\/cusquices.com\/irma-de-marisa-quebra-o-silencio-e-revela-como-estao-os-filhos-do-casal-apos-toda-a-polemica\/\" rel=\"nofollow\"><\/p>\n<p>Share<\/p>\n<p><\/a><br \/>\n\t\t\t\t\t\t\t\t\t\t\t\t<a href=\"#\" onclick=\"window.open('http:\/\/pinterest.com\/pin\/create\/button\/?url=https:\/\/cusquices.com\/irma-de-marisa-quebra-o-silencio-e-revela-como-estao-os-filhos-do-casal-apos-toda-a-polemica\/&amp;media=https:\/\/cusquices.com\/wp-content\/uploads\/2025\/11\/pedrojmarisa-1000x600.jpg&amp;description=Irm\u00e3 de Marisa \u2018quebra o sil\u00eancio\u2019 e revela como est\u00e3o os filhos do casal ap\u00f3s toda a pol\u00e9mica', 'pinterestShare', 'width=750,height=350'); return false;\" title=\"Pin This Post\"><\/p>\n<p>Share<\/p>\n<p><\/a><br \/>\n\t\t\t\t\t\t\t\t\t\t\t\t<a href=\"mailto:?subject=Irm\u00e3 de Marisa \u2018quebra o sil\u00eancio\u2019 e revela como est\u00e3o os filhos do casal ap\u00f3s toda a pol\u00e9mica&amp;BODY=I found this article interesting and thought of sharing it with you. Check it out: https:\/\/cusquices.com\/irma-de-marisa-quebra-o-silencio-e-revela-como-estao-os-filhos-do-casal-apos-toda-a-polemica\/\"><\/p>\n<p>Email<\/p>\n<p><\/a><br \/>\n\t\t\t\t\t\t\t\t\t\t\t\t\t\t\t\t\t\t\t\t\t\t\t\t\t\t\t\t\t\t\t\t\t\t\t\t\t\t\t\t\t\t\t\t\t\t\t\t\t\t\t\t\t<a href=\"https:\/\/cusquices.com\/irma-de-marisa-quebra-o-silencio-e-revela-como-estao-os-filhos-do-casal-apos-toda-a-polemica\/#respond\" rel=\"nofollow noopener\" target=\"_blank\"><\/p>\n<p><strong>Filipa Pires,<\/strong> irm\u00e3 de<strong> Marisa,<\/strong> \u2018quebrou o sil\u00eancio\u2019 ap\u00f3s a pol\u00e9mica discuss\u00e3o de <strong>Marisa com Pedro Jorge. <\/strong>A irm\u00e3 da concorrente mostrou-se preocupada e tranquilizou os seguidores sobre o estado dos filhos do casal ap\u00f3s toda a pol\u00e9mica.<\/p>\n<p>\u201c<strong>N\u00e3o costumo opinar muito nos grupos por receio de julgamentos. Quero s\u00f3 dizer que os meninos est\u00e3o bem e salvaguardados. Agrade\u00e7o o apoio recebido de algumas pessoas.\u201d,<\/strong> come\u00e7ou por dizer a irm\u00e3 de Marisa.<\/p>\n<p><strong>Filipa Pires <\/strong>confessou que n\u00e3o est\u00e1 a ser f\u00e1cil lidar com tudo e mant\u00e9m a esperan\u00e7a que Marisa e Pedro consigam ultrapassar tudo: <strong>\u201cEst\u00e1 a ser complicado gerir tudo isto. Estamos a dar o nosso m\u00e1ximo mas queria pedir respeito e compreens\u00e3o pela fam\u00edlia c\u00e1 fora e por eles. Eles s\u00e3o uma fam\u00edlia e v\u00e3o ultrapassar isto!! Vamos fazer o que pudermos para os ajudar.\u201d<\/strong><\/p>\n<p><img loading=\"lazy\" decoding=\"async\" width=\"559\" height=\"1024\" src=\"https:\/\/www.europesays.com\/pt\/wp-content\/uploads\/2025\/11\/marisa-irma-559x1024.png\" alt=\"\" class=\"wp-image-99927 webpexpress-processed\"  \/><\/p>\n<p><strong>Leia tamb\u00e9m:<\/strong><\/p>\n<p>\t\t\t\t\t\t\t\t\t\t\t\t\t\t\t\t\t\t\t\t\t\t\t\t\t<img decoding=\"async\" src=\"https:\/\/www.europesays.com\/pt\/wp-content\/uploads\/2025\/10\/cusquices-logo-52x.png\" class=\"webpexpress-processed\"\/><\/p>\n<p>\t\t\t\t\t\t\t\t\t\t\t\t\t\t\t\t\t\t\t\t\t            \t\t\t\t\t\t\t\t\t\t\t\t\t\t\t\t\t\t\t\t\t\t\t\t\t\t\t\t\t\t\t\t\t\t\t\t\t\t\t<script async src=\"https:\/\/platform.twitter.com\/widgets.js\" charset=\"utf-8\"><\/script><\/p>\n","protected":false},"excerpt":{"rendered":"Share Tweet Share Share Email Filipa Pires, irm\u00e3 de Marisa, \u2018quebrou o sil\u00eancio\u2019 ap\u00f3s a pol\u00e9mica discuss\u00e3o de&hellip;\n","protected":false},"author":2,"featured_media":138065,"comment_status":"","ping_status":"","sticky":false,"template":"","format":"standard","meta":{"footnotes":""},"categories":[8],"tags":[27,28,2632,49,15,16,14,25,26,21,22,19184,12,13,19,20,14646,32,23,24,33,17,18,29,30,31],"class_list":{"0":"post-139502","1":"post","2":"type-post","3":"status-publish","4":"format-standard","5":"has-post-thumbnail","7":"category-principais-noticias","8":"tag-breaking-news","9":"tag-breakingnews","10":"tag-casa-dos-segredos","11":"tag-destaques","12":"tag-featured-news","13":"tag-featurednews","14":"tag-headlines","15":"tag-latest-news","16":"tag-latestnews","17":"tag-main-news","18":"tag-mainnews","19":"tag-marisa","20":"tag-news","21":"tag-noticias","22":"tag-noticias-principais","23":"tag-noticiasprincipais","24":"tag-pedro","25":"tag-portugal","26":"tag-principais-noticias","27":"tag-principaisnoticias","28":"tag-pt","29":"tag-top-stories","30":"tag-topstories","31":"tag-ultimas","32":"tag-ultimas-noticias","33":"tag-ultimasnoticias"},"share_on_mastodon":{"url":"https:\/\/pubeurope.com\/@pt\/115492553986135575","error":""},"_links":{"self":[{"href":"https:\/\/www.europesays.com\/pt\/wp-json\/wp\/v2\/posts\/139502","targetHints":{"allow":["GET"]}}],"collection":[{"href":"https:\/\/www.europesays.com\/pt\/wp-json\/wp\/v2\/posts"}],"about":[{"href":"https:\/\/www.europesays.com\/pt\/wp-json\/wp\/v2\/types\/post"}],"author":[{"embeddable":true,"href":"https:\/\/www.europesays.com\/pt\/wp-json\/wp\/v2\/users\/2"}],"replies":[{"embeddable":true,"href":"https:\/\/www.europesays.com\/pt\/wp-json\/wp\/v2\/comments?post=139502"}],"version-history":[{"count":0,"href":"https:\/\/www.europesays.com\/pt\/wp-json\/wp\/v2\/posts\/139502\/revisions"}],"wp:featuredmedia":[{"embeddable":true,"href":"https:\/\/www.europesays.com\/pt\/wp-json\/wp\/v2\/media\/138065"}],"wp:attachment":[{"href":"https:\/\/www.europesays.com\/pt\/wp-json\/wp\/v2\/media?parent=139502"}],"wp:term":[{"taxonomy":"category","embeddable":true,"href":"https:\/\/www.europesays.com\/pt\/wp-json\/wp\/v2\/categories?post=139502"},{"taxonomy":"post_tag","embeddable":true,"href":"https:\/\/www.europesays.com\/pt\/wp-json\/wp\/v2\/tags?post=139502"}],"curies":[{"name":"wp","href":"https:\/\/api.w.org\/{rel}","templated":true}]}}