{"id":139505,"date":"2025-11-04T17:15:10","date_gmt":"2025-11-04T17:15:10","guid":{"rendered":"https:\/\/www.europesays.com\/pt\/139505\/"},"modified":"2025-11-04T17:15:10","modified_gmt":"2025-11-04T17:15:10","slug":"auditoria-revela-que-senha-do-sistema-de-seguranca-do-louvre-era-louvre","status":"publish","type":"post","link":"https:\/\/www.europesays.com\/pt\/139505\/","title":{"rendered":"Auditoria revela que senha do sistema de seguran\u00e7a do Louvre era \u201cLouvre\u201d"},"content":{"rendered":"<p>O recente roubo de joias da coroa francesa no Museu do Louvre, avaliado em US$ 102 milh\u00f5es (cerca de R$ 500 milh\u00f5es), revelou n\u00e3o apenas a aud\u00e1cia dos criminosos, mas tamb\u00e9m falhas graves na seguran\u00e7a do museu. <\/p>\n<p>Segundo reportagem do jornal franc\u00eas Lib\u00e9ration, uma auditoria revelou que o sistema de vigil\u00e2ncia do Louvre utilizava a senha \u201cLouvre\u201d para acesso, uma pr\u00e1tica considerada \u201ctrivial\u201d pela Ag\u00eancia Nacional de Seguran\u00e7a Cibern\u00e9tica da Fran\u00e7a (ANSSI).<\/p>\n<p>Investiga\u00e7\u00f5es realizadas desde 2014 apontaram vulnerabilidades significativas na infraestrutura de seguran\u00e7a do museu. Especialistas conseguiram invadir a rede de seguran\u00e7a, manipulando c\u00e2meras e acessos por crach\u00e1. <\/p>\n<p>\t\t\t\t\t\t\t\t\t\tLISTA GRATUITA\t\t\t\t\t\t\t\t\t<\/p>\n<p>\t\t\t\t\t\t\t\t\t\t10 small caps para investir\n\t\t\t\t\t\t\t\t\t\t\t\t\t\t\t<\/p>\n<p class=\"font-normal text-base text-wl-neutral-600 max-w-md mx-auto\">\n\t\t\t\t\t\t\tA lista de a\u00e7\u00f5es de setores promissores da Bolsa\t\t\t\t\t\t<\/p>\n<p>Al\u00e9m disso, o museu ainda utilizava, em 2025, softwares e sistemas operacionais obsoletos, como o Windows Server 2003, sem suporte do fabricante.<\/p>\n<p>Al\u00e9m dos problemas tecnol\u00f3gicos, o fluxo de visitantes e o acesso facilitado a \u00e1reas restritas durante obras tamb\u00e9m foram apontados como pontos fr\u00e1geis. Relat\u00f3rios indicam que o museu enfrenta desafios estruturais e de gest\u00e3o que comprometem sua prote\u00e7\u00e3o.<\/p>\n<p>Amadores<\/p>\n<p>Segundo a promotoria de Paris, o audacioso roubo ocorrido no m\u00eas passado foi realizado por pequenos criminosos, e n\u00e3o por profissionais do crime organizado.<\/p>\n<p class=\"py-2\">Continua depois da publicidade<\/p>\n<p>\u201cN\u00e3o se trata exatamente de delinqu\u00eancia comum, mas de um tipo de crime que geralmente n\u00e3o associamos aos altos escal\u00f5es do crime organizado\u201d, afirmou a promotora de Paris, Laure Beccuau, em entrevista \u00e0 r\u00e1dio franceinfo.<\/p>\n<p>Ela acrescentou que os perfis das quatro pessoas presas at\u00e9 o momento \u2014 incluindo a namorada de um dos suspeitos \u2014 n\u00e3o correspondem ao perfil t\u00edpico de profissionais do crime organizado capazes de executar opera\u00e7\u00f5es complexas.<\/p>\n<p>A m\u00eddia francesa especulou que os ladr\u00f5es eram amadores, j\u00e1 que deixaram cair a joia mais preciosa \u2014 a coroa da Imperatriz Eug\u00eania, feita de ouro, esmeraldas e diamantes \u2014 durante a fuga, abandonaram ferramentas e outros objetos no local e n\u00e3o conseguiram incendiar o caminh\u00e3o dos transportadores antes de fugir.<\/p>\n","protected":false},"excerpt":{"rendered":"O recente roubo de joias da coroa francesa no Museu do Louvre, avaliado em US$ 102 milh\u00f5es (cerca&hellip;\n","protected":false},"author":2,"featured_media":139506,"comment_status":"","ping_status":"","sticky":false,"template":"","format":"standard","meta":{"footnotes":""},"categories":[144],"tags":[207,205,206,203,201,202,204,114,115,319,27439,2458,32,33],"class_list":{"0":"post-139505","1":"post","2":"type-post","3":"status-publish","4":"format-standard","5":"has-post-thumbnail","7":"category-arte-e-design","8":"tag-arte","9":"tag-arte-e-design","10":"tag-artedesign","11":"tag-arts","12":"tag-arts-and-design","13":"tag-artsanddesign","14":"tag-design","15":"tag-entertainment","16":"tag-entretenimento","17":"tag-hard-news","18":"tag-louvre","19":"tag-paris","20":"tag-portugal","21":"tag-pt"},"share_on_mastodon":{"url":"https:\/\/pubeurope.com\/@pt\/115492560766251320","error":""},"_links":{"self":[{"href":"https:\/\/www.europesays.com\/pt\/wp-json\/wp\/v2\/posts\/139505","targetHints":{"allow":["GET"]}}],"collection":[{"href":"https:\/\/www.europesays.com\/pt\/wp-json\/wp\/v2\/posts"}],"about":[{"href":"https:\/\/www.europesays.com\/pt\/wp-json\/wp\/v2\/types\/post"}],"author":[{"embeddable":true,"href":"https:\/\/www.europesays.com\/pt\/wp-json\/wp\/v2\/users\/2"}],"replies":[{"embeddable":true,"href":"https:\/\/www.europesays.com\/pt\/wp-json\/wp\/v2\/comments?post=139505"}],"version-history":[{"count":0,"href":"https:\/\/www.europesays.com\/pt\/wp-json\/wp\/v2\/posts\/139505\/revisions"}],"wp:featuredmedia":[{"embeddable":true,"href":"https:\/\/www.europesays.com\/pt\/wp-json\/wp\/v2\/media\/139506"}],"wp:attachment":[{"href":"https:\/\/www.europesays.com\/pt\/wp-json\/wp\/v2\/media?parent=139505"}],"wp:term":[{"taxonomy":"category","embeddable":true,"href":"https:\/\/www.europesays.com\/pt\/wp-json\/wp\/v2\/categories?post=139505"},{"taxonomy":"post_tag","embeddable":true,"href":"https:\/\/www.europesays.com\/pt\/wp-json\/wp\/v2\/tags?post=139505"}],"curies":[{"name":"wp","href":"https:\/\/api.w.org\/{rel}","templated":true}]}}