{"id":139547,"date":"2025-11-04T17:46:08","date_gmt":"2025-11-04T17:46:08","guid":{"rendered":"https:\/\/www.europesays.com\/pt\/139547\/"},"modified":"2025-11-04T17:46:08","modified_gmt":"2025-11-04T17:46:08","slug":"trofeu-melhores-do-ano-2025-celebra-os-grandes-nomes-da-musica-em-feira-de-santana-acorda-cidade","status":"publish","type":"post","link":"https:\/\/www.europesays.com\/pt\/139547\/","title":{"rendered":"Trof\u00e9u Melhores do Ano 2025 celebra os grandes nomes da m\u00fasica em Feira de Santana &#8211; Acorda Cidade"},"content":{"rendered":"<p>\n\t\t\t\tTrof\u00e9u Melhores do Ano 2025 celebra os grandes nomes da m\u00fasica em Feira de Santana<br \/>\n\t\t\t\tTrof\u00e9u Melhores do Ano 2025 celebra os grandes nomes da m\u00fasica em Feira de Santana<br \/>\n\t\t\t\tTrof\u00e9u Melhores do Ano 2025 celebra os grandes nomes da m\u00fasica em Feira de Santana<br \/>\n\t\t\t\tTrof\u00e9u Melhores do Ano 2025 celebra os grandes nomes da m\u00fasica em Feira de Santana\n\t\t\t<\/p>\n<p>\t\t\t1.0x\t\t<\/p>\n","protected":false},"excerpt":{"rendered":"Trof\u00e9u Melhores do Ano 2025 celebra os grandes nomes da m\u00fasica em Feira de Santana Trof\u00e9u Melhores do&hellip;\n","protected":false},"author":2,"featured_media":139548,"comment_status":"","ping_status":"","sticky":false,"template":"","format":"standard","meta":{"footnotes":""},"categories":[141],"tags":[114,115,149,150,32,33,12083],"class_list":{"0":"post-139547","1":"post","2":"type-post","3":"status-publish","4":"format-standard","5":"has-post-thumbnail","7":"category-musica","8":"tag-entertainment","9":"tag-entretenimento","10":"tag-music","11":"tag-musica","12":"tag-portugal","13":"tag-pt","14":"tag-trofeu"},"share_on_mastodon":{"url":"https:\/\/pubeurope.com\/@pt\/115492682826388709","error":""},"_links":{"self":[{"href":"https:\/\/www.europesays.com\/pt\/wp-json\/wp\/v2\/posts\/139547","targetHints":{"allow":["GET"]}}],"collection":[{"href":"https:\/\/www.europesays.com\/pt\/wp-json\/wp\/v2\/posts"}],"about":[{"href":"https:\/\/www.europesays.com\/pt\/wp-json\/wp\/v2\/types\/post"}],"author":[{"embeddable":true,"href":"https:\/\/www.europesays.com\/pt\/wp-json\/wp\/v2\/users\/2"}],"replies":[{"embeddable":true,"href":"https:\/\/www.europesays.com\/pt\/wp-json\/wp\/v2\/comments?post=139547"}],"version-history":[{"count":0,"href":"https:\/\/www.europesays.com\/pt\/wp-json\/wp\/v2\/posts\/139547\/revisions"}],"wp:featuredmedia":[{"embeddable":true,"href":"https:\/\/www.europesays.com\/pt\/wp-json\/wp\/v2\/media\/139548"}],"wp:attachment":[{"href":"https:\/\/www.europesays.com\/pt\/wp-json\/wp\/v2\/media?parent=139547"}],"wp:term":[{"taxonomy":"category","embeddable":true,"href":"https:\/\/www.europesays.com\/pt\/wp-json\/wp\/v2\/categories?post=139547"},{"taxonomy":"post_tag","embeddable":true,"href":"https:\/\/www.europesays.com\/pt\/wp-json\/wp\/v2\/tags?post=139547"}],"curies":[{"name":"wp","href":"https:\/\/api.w.org\/{rel}","templated":true}]}}