{"id":139557,"date":"2025-11-04T17:53:09","date_gmt":"2025-11-04T17:53:09","guid":{"rendered":"https:\/\/www.europesays.com\/pt\/139557\/"},"modified":"2025-11-04T17:53:09","modified_gmt":"2025-11-04T17:53:09","slug":"coreia-do-norte-lanca-foguetes-de-artilharia-durante-visita-de-hegseth-ao-sul","status":"publish","type":"post","link":"https:\/\/www.europesays.com\/pt\/139557\/","title":{"rendered":"Coreia do Norte lan\u00e7a foguetes de artilharia durante visita de Hegseth ao Sul"},"content":{"rendered":"<p>&#13;<br \/>\nOs foguetes foram lan\u00e7ados por volta das 16:00 de segunda-feira (07:00 em Lisboa), em dire\u00e7\u00e3o ao mar Amarelo, de acordo com o Estado-Maior Conjunto da Coreia do Sul (JCS, na sigla em ingl\u00eas).&#13;\n<\/p>\n<p>&#13;<br \/>\nNum comunicado, o JCS disse que os foguetes foram lan\u00e7ados a partir de um sistema de lan\u00e7amento m\u00faltiplo de `rockets`, mas acrescentou que est\u00e1 a analisar os detalhes da arma.&#13;\n<\/p>\n<p>&#13;<br \/>\nO teste ocorreu por volta da hora a que o secret\u00e1rio da Guerra dos Estados Unidos aterrou na Base A\u00e9rea de Osan, a cerca de 50 quil\u00f3metros a sul de Seul, disse o JCS, citado pela ag\u00eancia de not\u00edcias p\u00fablica sul-coreana Yonhap.&#13;\n<\/p>\n<p>&#13;<br \/>\nMenos de uma hora depois, Hegseth chegou ao Campo Bonifas, o posto de comando das Na\u00e7\u00f5es Unidas localizado a cerca de 400 metros a sul da fronteira da zona desmilitarizada (DMZ, na sigla em ingl\u00eas), durante uma visita com o ministro da Defesa sul-coreano, Ahn Gyu-back.&#13;\n<\/p>\n<p>&#13;<br \/>\nOs militares sul-coreanos confirmaram que o regime norte-coreano tamb\u00e9m disparou outra ronda de dez proj\u00e9teis de artilharia por volta das 15:00 de s\u00e1bado (06:00), numa altura em que o Presidente sul-coreano, Lee Jae-myung, e o hom\u00f3logo chin\u00eas, Xi Jinping, se reuniram na cidade sul-coreana de Gyeongju para a cimeira da Coopera\u00e7\u00e3o Econ\u00f3mica \u00c1sia-Pac\u00edfico.&#13;\n<\/p>\n<p>&#13;<br \/>\n&#8220;As nossas for\u00e7as armadas est\u00e3o a monitorizar de perto as diversas atividades da Coreia do Norte, sob uma firme postura de defesa conjunta entre a Coreia do Sul e os EUA&#8221;, o que lhes permite &#8220;responder com for\u00e7a a qualquer amea\u00e7a&#8221;, afirmou o JCS.&#13;\n<\/p>\n<p>&#13;<br \/>\nEste tipo de teste de armamento de artilharia n\u00e3o viola as resolu\u00e7\u00f5es do Conselho de Seguran\u00e7a da ONU, mas os foguetes lan\u00e7ados tinham capacidade de atingir a capital sul-coreana, Seul.&#13;\n<\/p>\n<p>&#13;<br \/>\nAhn Gyu-back e Pete Hegseth realizaram na segunda-feira a primeira visita conjunta dos dois aliados \u00e0 \u00c1rea de Seguran\u00e7a Conjunta (JSM, na sigla em ingl\u00eas), dentro da DMZ, em oito anos.&#13;\n<\/p>\n<p>&#13;<br \/>\nA JSM situa-se em Panmunjom, a pouco mais de 50 quil\u00f3metros a noroeste de Seul, o \u00fanico local onde soldados sul-coreanos e norte-coreanos se enfrentam desde a guerra da Coreia (1950-1953).&#13;\n<\/p>\n<p>&#13;<br \/>\nPete Hegseth efetua uma visita de dois dias \u00e0 Coreia do Sul &#8220;para participar na 57.\u00aa Reuni\u00e3o Consultiva de Seguran\u00e7a&#8221;, referiu o Minist\u00e9rio da Defesa sul-coreano, num comunicado.&#13;\n<\/p>\n<p>&#13;<br \/>\nNo principal f\u00f3rum anual de defesa entre Washington e Seul, que se realiza hoje, as duas partes dever\u00e3o abordar quest\u00f5es de coordena\u00e7\u00e3o militar face \u00e0 Coreia do Norte.&#13;\n<\/p>\n<p>&#13;<br \/>\nEspera-se tamb\u00e9m que discutam assuntos relacionados com a aprova\u00e7\u00e3o dos Estados Unidos para que Seul possua submarinos de propuls\u00e3o nuclear.&#13;\n<\/p>\n<p>&#13;<br \/>\nA visita \u00e0 Coreia do Sul marca o fim da digress\u00e3o asi\u00e1tica de Hegseth, que incluiu escalas no Jap\u00e3o, Mal\u00e1sia e Vietname.&#13;<\/p>\n","protected":false},"excerpt":{"rendered":"&#13; Os foguetes foram lan\u00e7ados por volta das 16:00 de segunda-feira (07:00 em Lisboa), em dire\u00e7\u00e3o ao mar&hellip;\n","protected":false},"author":2,"featured_media":139558,"comment_status":"","ping_status":"","sticky":false,"template":"","format":"standard","meta":{"footnotes":""},"categories":[50],"tags":[6069,27,28,27976,15,16,14,31074,25,26,21,22,62,12,13,19,20,23,24,17,18,29,30,31,63,64,65],"class_list":{"0":"post-139557","1":"post","2":"type-post","3":"status-publish","4":"format-standard","5":"has-post-thumbnail","7":"category-mundo","8":"tag-aerea","9":"tag-breaking-news","10":"tag-breakingnews","11":"tag-conto","12":"tag-featured-news","13":"tag-featurednews","14":"tag-headlines","15":"tag-japao-malasia","16":"tag-latest-news","17":"tag-latestnews","18":"tag-main-news","19":"tag-mainnews","20":"tag-mundo","21":"tag-news","22":"tag-noticias","23":"tag-noticias-principais","24":"tag-noticiasprincipais","25":"tag-principais-noticias","26":"tag-principaisnoticias","27":"tag-top-stories","28":"tag-topstories","29":"tag-ultimas","30":"tag-ultimas-noticias","31":"tag-ultimasnoticias","32":"tag-world","33":"tag-world-news","34":"tag-worldnews"},"share_on_mastodon":{"url":"https:\/\/pubeurope.com\/@pt\/115492710281160703","error":""},"_links":{"self":[{"href":"https:\/\/www.europesays.com\/pt\/wp-json\/wp\/v2\/posts\/139557","targetHints":{"allow":["GET"]}}],"collection":[{"href":"https:\/\/www.europesays.com\/pt\/wp-json\/wp\/v2\/posts"}],"about":[{"href":"https:\/\/www.europesays.com\/pt\/wp-json\/wp\/v2\/types\/post"}],"author":[{"embeddable":true,"href":"https:\/\/www.europesays.com\/pt\/wp-json\/wp\/v2\/users\/2"}],"replies":[{"embeddable":true,"href":"https:\/\/www.europesays.com\/pt\/wp-json\/wp\/v2\/comments?post=139557"}],"version-history":[{"count":0,"href":"https:\/\/www.europesays.com\/pt\/wp-json\/wp\/v2\/posts\/139557\/revisions"}],"wp:featuredmedia":[{"embeddable":true,"href":"https:\/\/www.europesays.com\/pt\/wp-json\/wp\/v2\/media\/139558"}],"wp:attachment":[{"href":"https:\/\/www.europesays.com\/pt\/wp-json\/wp\/v2\/media?parent=139557"}],"wp:term":[{"taxonomy":"category","embeddable":true,"href":"https:\/\/www.europesays.com\/pt\/wp-json\/wp\/v2\/categories?post=139557"},{"taxonomy":"post_tag","embeddable":true,"href":"https:\/\/www.europesays.com\/pt\/wp-json\/wp\/v2\/tags?post=139557"}],"curies":[{"name":"wp","href":"https:\/\/api.w.org\/{rel}","templated":true}]}}