{"id":139559,"date":"2025-11-04T17:54:29","date_gmt":"2025-11-04T17:54:29","guid":{"rendered":"https:\/\/www.europesays.com\/pt\/139559\/"},"modified":"2025-11-04T17:54:29","modified_gmt":"2025-11-04T17:54:29","slug":"psp-localiza-armazem-de-cultivo-de-estupefacientes-nos-canhas-mas-traficante-fica-em-liberdade","status":"publish","type":"post","link":"https:\/\/www.europesays.com\/pt\/139559\/","title":{"rendered":"PSP localiza armaz\u00e9m de cultivo de estupefacientes nos Canhas mas traficante fica em liberdade"},"content":{"rendered":"\n<p class=\"p_0\">Um homem, de 56 anos, residente na Ponta do Sol, foi detido em flagrante delito pelo crime de tr\u00e1fico de estupefacientes, pela PSP. Ap\u00f3s interrogat\u00f3rio, foi restitu\u00eddo \u00e0 liberdade.<\/p>\n<p class=\"p_1\">A deten\u00e7\u00e3o ocorreu ap\u00f3s denuncias de populares feitas na Esquadra da Ponta do Sol, que davam conta da exist\u00eancia da atividade de cultivo e tr\u00e1fico de estupefacientes na zona agr\u00edcola dos Canhas.<\/p>\n<p class=\"p_2\">A pol\u00edcia deslocou-se ao local e identificou alguns consumidores que deambulavam pela zona, confirmando as suspeitas. Foi, por isso, montado um dispositivo com o intuito de efetuar o flagrante delito do traficante, fato que veio a acontecer junto de um armaz\u00e9m agr\u00edcola de sua propriedade.<\/p>\n<p class=\"p_3\">De acordo com o Comando Regional, nesta opera\u00e7\u00e3o, foram apreendidas 86 doses de haxixe que o traficante tinha na sua posse, bem como algumas plantas de liamba, que dariam para traficar 445 doses individuais.<\/p>\n<p class=\"p_4\">Foi tamb\u00e9m apreendida 1 balan\u00e7a de precis\u00e3o e 135 euros em dinheiro, provenientes da atividade de tr\u00e1fico.<\/p>\n<p class=\"p_5\">O detido foi presente ao Tribunal Judicial do Funchal na passada sexta-feira, acabando por ser restitu\u00eddo \u00e0 liberdade mediante constitui\u00e7\u00e3o de arguido e termo de identidade e resid\u00eancia.<\/p>\n","protected":false},"excerpt":{"rendered":"Um homem, de 56 anos, residente na Ponta do Sol, foi detido em flagrante delito pelo crime de&hellip;\n","protected":false},"author":2,"featured_media":139560,"comment_status":"","ping_status":"","sticky":false,"template":"","format":"standard","meta":{"footnotes":""},"categories":[10],"tags":[27,28,15,16,14,25,26,4000,21,22,12,13,19,20,32,23,24,33,17,18,29,30,31],"class_list":{"0":"post-139559","1":"post","2":"type-post","3":"status-publish","4":"format-standard","5":"has-post-thumbnail","7":"category-portugal","8":"tag-breaking-news","9":"tag-breakingnews","10":"tag-featured-news","11":"tag-featurednews","12":"tag-headlines","13":"tag-latest-news","14":"tag-latestnews","15":"tag-ligia-neves","16":"tag-main-news","17":"tag-mainnews","18":"tag-news","19":"tag-noticias","20":"tag-noticias-principais","21":"tag-noticiasprincipais","22":"tag-portugal","23":"tag-principais-noticias","24":"tag-principaisnoticias","25":"tag-pt","26":"tag-top-stories","27":"tag-topstories","28":"tag-ultimas","29":"tag-ultimas-noticias","30":"tag-ultimasnoticias"},"share_on_mastodon":{"url":"https:\/\/pubeurope.com\/@pt\/115492714280068408","error":""},"_links":{"self":[{"href":"https:\/\/www.europesays.com\/pt\/wp-json\/wp\/v2\/posts\/139559","targetHints":{"allow":["GET"]}}],"collection":[{"href":"https:\/\/www.europesays.com\/pt\/wp-json\/wp\/v2\/posts"}],"about":[{"href":"https:\/\/www.europesays.com\/pt\/wp-json\/wp\/v2\/types\/post"}],"author":[{"embeddable":true,"href":"https:\/\/www.europesays.com\/pt\/wp-json\/wp\/v2\/users\/2"}],"replies":[{"embeddable":true,"href":"https:\/\/www.europesays.com\/pt\/wp-json\/wp\/v2\/comments?post=139559"}],"version-history":[{"count":0,"href":"https:\/\/www.europesays.com\/pt\/wp-json\/wp\/v2\/posts\/139559\/revisions"}],"wp:featuredmedia":[{"embeddable":true,"href":"https:\/\/www.europesays.com\/pt\/wp-json\/wp\/v2\/media\/139560"}],"wp:attachment":[{"href":"https:\/\/www.europesays.com\/pt\/wp-json\/wp\/v2\/media?parent=139559"}],"wp:term":[{"taxonomy":"category","embeddable":true,"href":"https:\/\/www.europesays.com\/pt\/wp-json\/wp\/v2\/categories?post=139559"},{"taxonomy":"post_tag","embeddable":true,"href":"https:\/\/www.europesays.com\/pt\/wp-json\/wp\/v2\/tags?post=139559"}],"curies":[{"name":"wp","href":"https:\/\/api.w.org\/{rel}","templated":true}]}}