{"id":139576,"date":"2025-11-04T18:07:10","date_gmt":"2025-11-04T18:07:10","guid":{"rendered":"https:\/\/www.europesays.com\/pt\/139576\/"},"modified":"2025-11-04T18:07:10","modified_gmt":"2025-11-04T18:07:10","slug":"xi-jinping-descreve-relacao-com-moscovo-como-escolha-estrategica","status":"publish","type":"post","link":"https:\/\/www.europesays.com\/pt\/139576\/","title":{"rendered":"Xi Jinping descreve rela\u00e7\u00e3o com Moscovo como &#8220;escolha estrat\u00e9gica&#8221;"},"content":{"rendered":"<p>&#13;<br \/>\nXi destacou que a coopera\u00e7\u00e3o bilateral &#8220;tem avan\u00e7ado com determina\u00e7\u00e3o, apesar de um ambiente externo turbulento&#8221; e manifestou disponibilidade para alinhar o 15\u00ba Plano Quinquenal da China com as estrat\u00e9gias de desenvolvimento econ\u00f3mico e social da R\u00fassia, de modo a &#8220;promover um crescimento de maior qualidade e n\u00edvel&#8221;, segundo a televis\u00e3o estatal chinesa CCTV.&#13;\n<\/p>\n<p>&#13;<br \/>\nO l\u00edder chin\u00eas, que tamb\u00e9m \u00e9 secret\u00e1rio-geral do Partido Comunista, apelou a uma &#8220;coordena\u00e7\u00e3o estreita&#8221; e \u00e0 implementa\u00e7\u00e3o dos consensos alcan\u00e7ados com o Presidente russo, Vladimir Putin, para &#8220;expandir o bolo da coopera\u00e7\u00e3o&#8221; e contribuir para o desenvolvimento global e a paz mundial.&#13;\n<\/p>\n<p>&#13;<br \/>\nXi apelou ainda ao refor\u00e7o dos interc\u00e2mbios entre os povos e setores sociais dos dois pa\u00edses e \u00e0 consolida\u00e7\u00e3o das parcerias em \u00e1reas como energia, agricultura, conectividade e ind\u00fastria aeroespacial, al\u00e9m da explora\u00e7\u00e3o de novas frentes de coopera\u00e7\u00e3o em intelig\u00eancia artificial, economia digital e desenvolvimento verde.&#13;\n<\/p>\n<p>&#13;<br \/>\nMishustin transmitiu os cumprimentos de Putin e expressou a vontade de Moscovo em aprofundar a coopera\u00e7\u00e3o econ\u00f3mica, cient\u00edfica e tecnol\u00f3gica com Pequim, no seguimento dos consensos alcan\u00e7ados pelos dois chefes de Estado.&#13;\n<\/p>\n<p>&#13;<br \/>\nO encontro decorreu um dia depois de Mishustin se ter reunido com o primeiro-ministro chin\u00eas, Li Qiang, em Hangzhou (leste), onde afirmou que os la\u00e7os entre Moscovo e Pequim &#8220;continuam a prosperar apesar das san\u00e7\u00f5es ilegais do Ocidente&#8221;.&#13;\n<\/p>\n<p>&#13;<br \/>\nMishustin participa esta semana no 30\u00ba encontro ordin\u00e1rio entre os chefes de Governo dos dois pa\u00edses, centrado no refor\u00e7o da coopera\u00e7\u00e3o energ\u00e9tica, comercial e tecnol\u00f3gica, numa altura em que China e R\u00fassia aprofundam a alian\u00e7a face \u00e0 press\u00e3o dos Estados Unidos e da Uni\u00e3o Europeia.&#13;\n<\/p>\n<p>&#13;<br \/>\nEm fevereiro de 2022, pouco antes da invas\u00e3o da Ucr\u00e2nia, Xi e Putin proclamaram em Pequim uma &#8220;amizade sem limites&#8221; entre os dois pa\u00edses.&#13;\n<\/p>\n<p>&#13;<br \/>\nDesde ent\u00e3o, ambos t\u00eam defendido que a parceria &#8220;n\u00e3o amea\u00e7a nenhum pa\u00eds&#8221; e contribui para a constru\u00e7\u00e3o de um mundo multipolar, ao mesmo tempo que intensificaram os interc\u00e2mbios.&#13;\n<\/p>\n<p>&#13;<br \/>\nSobre o conflito na Ucr\u00e2nia, Pequim tem mantido uma posi\u00e7\u00e3o amb\u00edgua, apelando ao respeito pela &#8220;integridade territorial de todos os pa\u00edses&#8221;, incluindo a Ucr\u00e2nia, e \u00e0 aten\u00e7\u00e3o \u00e0s &#8220;preocupa\u00e7\u00f5es leg\u00edtimas de todos os pa\u00edses&#8221;, numa refer\u00eancia \u00e0 R\u00fassia.&#13;\n<\/p>\n<p>&#13;<br \/>\nA China tamb\u00e9m se op\u00f5e \u00e0s &#8220;san\u00e7\u00f5es unilaterais ilegais&#8221; contra Moscovo, por considerar que estas &#8220;n\u00e3o resolvem os problemas&#8221;.&#13;\n<\/p>\n<p>&#13;<br \/>\n\u00a0&#13;<\/p>\n","protected":false},"excerpt":{"rendered":"&#13; Xi destacou que a coopera\u00e7\u00e3o bilateral &#8220;tem avan\u00e7ado com determina\u00e7\u00e3o, apesar de um ambiente externo turbulento&#8221; e&hellip;\n","protected":false},"author":2,"featured_media":139577,"comment_status":"","ping_status":"","sticky":false,"template":"","format":"standard","meta":{"footnotes":""},"categories":[50],"tags":[27,28,15,16,13856,14,25,26,21,22,62,12,13,19,20,3422,23,24,17,18,31076,29,30,31,63,64,65],"class_list":{"0":"post-139576","1":"post","2":"type-post","3":"status-publish","4":"format-standard","5":"has-post-thumbnail","7":"category-mundo","8":"tag-breaking-news","9":"tag-breakingnews","10":"tag-featured-news","11":"tag-featurednews","12":"tag-hangzhou","13":"tag-headlines","14":"tag-latest-news","15":"tag-latestnews","16":"tag-main-news","17":"tag-mainnews","18":"tag-mundo","19":"tag-news","20":"tag-noticias","21":"tag-noticias-principais","22":"tag-noticiasprincipais","23":"tag-pequim","24":"tag-principais-noticias","25":"tag-principaisnoticias","26":"tag-top-stories","27":"tag-topstories","28":"tag-ucrania-xi","29":"tag-ultimas","30":"tag-ultimas-noticias","31":"tag-ultimasnoticias","32":"tag-world","33":"tag-world-news","34":"tag-worldnews"},"share_on_mastodon":{"url":"https:\/\/pubeurope.com\/@pt\/115492765423252610","error":""},"_links":{"self":[{"href":"https:\/\/www.europesays.com\/pt\/wp-json\/wp\/v2\/posts\/139576","targetHints":{"allow":["GET"]}}],"collection":[{"href":"https:\/\/www.europesays.com\/pt\/wp-json\/wp\/v2\/posts"}],"about":[{"href":"https:\/\/www.europesays.com\/pt\/wp-json\/wp\/v2\/types\/post"}],"author":[{"embeddable":true,"href":"https:\/\/www.europesays.com\/pt\/wp-json\/wp\/v2\/users\/2"}],"replies":[{"embeddable":true,"href":"https:\/\/www.europesays.com\/pt\/wp-json\/wp\/v2\/comments?post=139576"}],"version-history":[{"count":0,"href":"https:\/\/www.europesays.com\/pt\/wp-json\/wp\/v2\/posts\/139576\/revisions"}],"wp:featuredmedia":[{"embeddable":true,"href":"https:\/\/www.europesays.com\/pt\/wp-json\/wp\/v2\/media\/139577"}],"wp:attachment":[{"href":"https:\/\/www.europesays.com\/pt\/wp-json\/wp\/v2\/media?parent=139576"}],"wp:term":[{"taxonomy":"category","embeddable":true,"href":"https:\/\/www.europesays.com\/pt\/wp-json\/wp\/v2\/categories?post=139576"},{"taxonomy":"post_tag","embeddable":true,"href":"https:\/\/www.europesays.com\/pt\/wp-json\/wp\/v2\/tags?post=139576"}],"curies":[{"name":"wp","href":"https:\/\/api.w.org\/{rel}","templated":true}]}}