{"id":139604,"date":"2025-11-04T18:40:11","date_gmt":"2025-11-04T18:40:11","guid":{"rendered":"https:\/\/www.europesays.com\/pt\/139604\/"},"modified":"2025-11-04T18:40:11","modified_gmt":"2025-11-04T18:40:11","slug":"charles-leclerc-acelera-no-amor-e-surpreende-namorada-com-pedido-de-casamento-criativo","status":"publish","type":"post","link":"https:\/\/www.europesays.com\/pt\/139604\/","title":{"rendered":"Charles Leclerc acelera no amor e surpreende namorada com pedido de casamento criativo"},"content":{"rendered":"<p data-remotead-prev-elm=\"true\" data-remotead-elm-id=\"inread\">Enquanto o campeonato de F\u00f3rmula 1 faz uma pausa entre o Grande Pr\u00e9mio do M\u00e9xico e o de S\u00e3o Paulo, Charles Leclerc, de 28 anos, trocou as pistas pela via do romance. O piloto monegasco da Ferrari anunciou, no domingo, o noivado com a influenciadora francesa Alexandra Saint Mleux, de 24 anos, com quem mant\u00e9m uma rela\u00e7\u00e3o h\u00e1 cerca de dois anos.<\/p>\n<p>O pedido de casamento aconteceu de forma original e intimista, num cen\u00e1rio decorado com p\u00e9talas de rosas em forma de cora\u00e7\u00e3o, velas e um anel de diamantes. Mas o que mais surpreendeu os f\u00e3s foi a forma como Leclerc fez a pergunta: a frase &#8220;Queres casar comigo?&#8221; estava gravada no pingente dourado da coleira de Leo, o c\u00e3o de estima\u00e7\u00e3o do casal.<\/p>\n<p>Assim que Alexandra leu a mensagem, o piloto da Ferrari surgiu com o anel e selou o momento com um beijo. Poucas horas depois, o casal partilhou as imagens nas redes sociais, acompanhadas da legenda conjunta &#8220;Mr. &amp; Mrs. Leclerc&#8221;.<\/p>\n<p data-remotead-prev-elm=\"true\" data-remotead-elm-id=\"centro1\">As fotografias mostram o cen\u00e1rio do pedido, os doces personalizados com as iniciais &#8220;A &amp; C&#8221; e a frase &#8220;She Said Yes&#8221;, bem como pequenas bolachas em forma de ossinhos com a inscri\u00e7\u00e3o &#8220;Mom Said Yes&#8221;, em refer\u00eancia ao fiel companheiro de quatro patas.<\/p>\n<p>Amor cresceu ao ritmo das corridas<\/p>\n<p>Charles Leclerc, de 28 anos, e Alexandra Saint Mleux, de 24, tornaram-se um dos casais mais medi\u00e1ticos da F\u00f3rmula 1. A primeira apari\u00e7\u00e3o p\u00fablica aconteceu em 2023, no torneio de Wimbledon, em Londres, onde surgiram ao lado de Pierre Gasly e da modelo portuguesa Francisca Cerqueira Gomes. Desde ent\u00e3o, Alexandra tornou-se presen\u00e7a constante nos bastidores das corridas e nas viagens do piloto.<\/p>\n<p>Nas redes sociais, a publica\u00e7\u00e3o do noivado foi rapidamente inundada de mensagens de felicita\u00e7\u00f5es. O colega de equipa Lewis Hamilton comentou &#8220;Congratulations to you both&#8221;, enquanto o ex-companheiro Carlos Sainz reagiu com entusiasmo: &#8220;Yesssss&#8221;.<\/p>\n<p>A influencer francesa, que divide o tempo entre Paris e Monte Carlo, M\u00f3naco, tem conquistado notoriedade pelo estilo elegante e discreto, frequentemente elogiado pelos f\u00e3s de F\u00f3rmula 1.<\/p>\n","protected":false},"excerpt":{"rendered":"Enquanto o campeonato de F\u00f3rmula 1 faz uma pausa entre o Grande Pr\u00e9mio do M\u00e9xico e o de&hellip;\n","protected":false},"author":2,"featured_media":139605,"comment_status":"","ping_status":"","sticky":false,"template":"","format":"standard","meta":{"footnotes":""},"categories":[87],"tags":[5517,135,2193,971,8083,712,32,33,134],"class_list":{"0":"post-139604","1":"post","2":"type-post","3":"status-publish","4":"format-standard","5":"has-post-thumbnail","7":"category-desporto","8":"tag-charles-leclerc","9":"tag-desporto","10":"tag-ferrari","11":"tag-formula-1","12":"tag-noivado","13":"tag-pessoas","14":"tag-portugal","15":"tag-pt","16":"tag-sports"},"share_on_mastodon":{"url":"https:\/\/pubeurope.com\/@pt\/115492895134320768","error":""},"_links":{"self":[{"href":"https:\/\/www.europesays.com\/pt\/wp-json\/wp\/v2\/posts\/139604","targetHints":{"allow":["GET"]}}],"collection":[{"href":"https:\/\/www.europesays.com\/pt\/wp-json\/wp\/v2\/posts"}],"about":[{"href":"https:\/\/www.europesays.com\/pt\/wp-json\/wp\/v2\/types\/post"}],"author":[{"embeddable":true,"href":"https:\/\/www.europesays.com\/pt\/wp-json\/wp\/v2\/users\/2"}],"replies":[{"embeddable":true,"href":"https:\/\/www.europesays.com\/pt\/wp-json\/wp\/v2\/comments?post=139604"}],"version-history":[{"count":0,"href":"https:\/\/www.europesays.com\/pt\/wp-json\/wp\/v2\/posts\/139604\/revisions"}],"wp:featuredmedia":[{"embeddable":true,"href":"https:\/\/www.europesays.com\/pt\/wp-json\/wp\/v2\/media\/139605"}],"wp:attachment":[{"href":"https:\/\/www.europesays.com\/pt\/wp-json\/wp\/v2\/media?parent=139604"}],"wp:term":[{"taxonomy":"category","embeddable":true,"href":"https:\/\/www.europesays.com\/pt\/wp-json\/wp\/v2\/categories?post=139604"},{"taxonomy":"post_tag","embeddable":true,"href":"https:\/\/www.europesays.com\/pt\/wp-json\/wp\/v2\/tags?post=139604"}],"curies":[{"name":"wp","href":"https:\/\/api.w.org\/{rel}","templated":true}]}}