{"id":139614,"date":"2025-11-04T18:46:08","date_gmt":"2025-11-04T18:46:08","guid":{"rendered":"https:\/\/www.europesays.com\/pt\/139614\/"},"modified":"2025-11-04T18:46:08","modified_gmt":"2025-11-04T18:46:08","slug":"queixa-a-cpcj-tres-criancas-encontradas-em-zona-de-consumo-de-droga-em-lisboa","status":"publish","type":"post","link":"https:\/\/www.europesays.com\/pt\/139614\/","title":{"rendered":"Queixa \u00e0 CPCJ. Tr\u00eas crian\u00e7as encontradas em zona de consumo de droga em Lisboa"},"content":{"rendered":"<p>&#13;<br \/>\nA fam\u00edlia n\u00e3o vivia no local, mas a suspeita levou a Pol\u00edcia de Seguran\u00e7a P\u00fablica a sinalizar o caso \u00e0 Comiss\u00e3o de Prote\u00e7\u00e3o de Menores. In\u00eas Lemos, chefe de opera\u00e7\u00f5es do Comando Metropolitano de Lisboa (Cometlis) da Pol\u00edcia de Seguran\u00e7a P\u00fablica (PSP), explicou \u00e0 Antena 1 o que se passou.&#13;\n<\/p>\n<p>&#13;<br \/>\n&#8220;Eles encontravam-se c\u00e1 fora a fumar, as duas crian\u00e7as mais velhas estavam l\u00e1 dentro, mas a mais pequena estava ao colo da m\u00e3e. A casa n\u00e3o tinha completas condi\u00e7\u00f5es. Eles disseram que estavam l\u00e1 simplesmente a fumar e, portanto, n\u00e3o apresentaram qualquer tipo de justifica\u00e7\u00e3o para estarem ali com tr\u00eas crian\u00e7as t\u00e3o pequenas&#8221;, relatou In\u00eas Lemos da PSP.&#13;\n<\/p>\n<p>          <img decoding=\"async\" itemprop=\"image\" class=\"img-fluid\"   src=\"https:\/\/www.europesays.com\/pt\/wp-content\/uploads\/2025\/11\/1762281967_738_bg_playeraudio_3.jpg\"\/><\/p>\n<p>&#13;<br \/>\nA PSP diz que  alerta foi levantado devido ao local onde foram encontradas as crian\u00e7as. De acordo com In\u00eas Lemos da PSP, as crian\u00e7as pareciam estar bem. &#8220;Era perto das nove da manh\u00e3, n\u00e3o comiam desde o dia anterior, mas estavam bem. At\u00e9 acho que estavam mascaradas de Halloween&#8221;, acrescentando que as crian\u00e7as pareciam saud\u00e1veis e n\u00e3o aparentavam estar subnutridas.&#13;\n<\/p>\n<p>          <img decoding=\"async\" itemprop=\"image\" class=\"img-fluid\"   src=\"https:\/\/www.europesays.com\/pt\/wp-content\/uploads\/2025\/11\/1762281967_183_bg_playeraudio_5.jpg\"\/><\/p>\n<p>&#8220;Verificado isso, foi apenas feita uma sinaliza\u00e7\u00e3o \u00e0 Comiss\u00e3o de Prote\u00e7\u00e3o de Crian\u00e7as e Jovens (CPJJ) porque, de facto, n\u00e3o \u00e9 normal, nem sequer aceit\u00e1vel, que as crian\u00e7as estejam neste tipo de espa\u00e7os&#8221;, acrescentou a chefe de opera\u00e7\u00f5es do Comando Metropolitano de Lisboa (Cometlis) da PSP.<\/p>\n<p>&#13;<br \/>\nSegundo In\u00eas Lemos da PSP, o espa\u00e7o onde foram detetados \u00e9 uma &#8220;casa devoluta, sem condi\u00e7\u00f5es de habitabilidade&#8221; e a zona em si \u00e9 conotada com o consumo de droga.<br \/>&#13;<\/p>\n","protected":false},"excerpt":{"rendered":"&#13; A fam\u00edlia n\u00e3o vivia no local, mas a suspeita levou a Pol\u00edcia de Seguran\u00e7a P\u00fablica a sinalizar&hellip;\n","protected":false},"author":2,"featured_media":139615,"comment_status":"","ping_status":"","sticky":false,"template":"","format":"standard","meta":{"footnotes":""},"categories":[10],"tags":[27,28,15,16,14,25,26,21,22,12,13,19,20,32,23,24,33,420,421,17,18,29,30,31],"class_list":{"0":"post-139614","1":"post","2":"type-post","3":"status-publish","4":"format-standard","5":"has-post-thumbnail","7":"category-portugal","8":"tag-breaking-news","9":"tag-breakingnews","10":"tag-featured-news","11":"tag-featurednews","12":"tag-headlines","13":"tag-latest-news","14":"tag-latestnews","15":"tag-main-news","16":"tag-mainnews","17":"tag-news","18":"tag-noticias","19":"tag-noticias-principais","20":"tag-noticiasprincipais","21":"tag-portugal","22":"tag-principais-noticias","23":"tag-principaisnoticias","24":"tag-pt","25":"tag-rtp","26":"tag-rtp-noticias","27":"tag-top-stories","28":"tag-topstories","29":"tag-ultimas","30":"tag-ultimas-noticias","31":"tag-ultimasnoticias"},"share_on_mastodon":{"url":"https:\/\/pubeurope.com\/@pt\/115492918805643507","error":""},"_links":{"self":[{"href":"https:\/\/www.europesays.com\/pt\/wp-json\/wp\/v2\/posts\/139614","targetHints":{"allow":["GET"]}}],"collection":[{"href":"https:\/\/www.europesays.com\/pt\/wp-json\/wp\/v2\/posts"}],"about":[{"href":"https:\/\/www.europesays.com\/pt\/wp-json\/wp\/v2\/types\/post"}],"author":[{"embeddable":true,"href":"https:\/\/www.europesays.com\/pt\/wp-json\/wp\/v2\/users\/2"}],"replies":[{"embeddable":true,"href":"https:\/\/www.europesays.com\/pt\/wp-json\/wp\/v2\/comments?post=139614"}],"version-history":[{"count":0,"href":"https:\/\/www.europesays.com\/pt\/wp-json\/wp\/v2\/posts\/139614\/revisions"}],"wp:featuredmedia":[{"embeddable":true,"href":"https:\/\/www.europesays.com\/pt\/wp-json\/wp\/v2\/media\/139615"}],"wp:attachment":[{"href":"https:\/\/www.europesays.com\/pt\/wp-json\/wp\/v2\/media?parent=139614"}],"wp:term":[{"taxonomy":"category","embeddable":true,"href":"https:\/\/www.europesays.com\/pt\/wp-json\/wp\/v2\/categories?post=139614"},{"taxonomy":"post_tag","embeddable":true,"href":"https:\/\/www.europesays.com\/pt\/wp-json\/wp\/v2\/tags?post=139614"}],"curies":[{"name":"wp","href":"https:\/\/api.w.org\/{rel}","templated":true}]}}