{"id":139643,"date":"2025-11-04T19:16:04","date_gmt":"2025-11-04T19:16:04","guid":{"rendered":"https:\/\/www.europesays.com\/pt\/139643\/"},"modified":"2025-11-04T19:16:04","modified_gmt":"2025-11-04T19:16:04","slug":"datas-de-pagamento-de-subsidios-ou-pensoes-em-novembro-ja-sao-conhecias","status":"publish","type":"post","link":"https:\/\/www.europesays.com\/pt\/139643\/","title":{"rendered":"Datas de pagamento de subs\u00eddios ou pens\u00f5es em novembro j\u00e1 s\u00e3o conhecias"},"content":{"rendered":"<p><strong>Foram divulgadas pela Seguran\u00e7a Social as datas em que os benefici\u00e1rios e pensionistas v\u00e3o receber os subs\u00eddios e pens\u00f5es sociais. Esta \u00e9 considerada uma informa\u00e7\u00e3o importante, na medida em que pode ajudar a planear melhor o or\u00e7amento familiar no m\u00eas que est\u00e1 a decorrer.<\/strong><\/p>\n<p>A <a href=\"https:\/\/regiao-sul.pt\/tag\/seguranca-social\" target=\"_blank\" rel=\"noreferrer noopener nofollow\">Seguran\u00e7a Social<\/a> divulga mensalmente as datas de pagamento que est\u00e3o previstas, no site oficial da institui\u00e7\u00e3o, onde uma sec\u00e7\u00e3o espec\u00edfica est\u00e1 dedicada \u00e0 informa\u00e7\u00e3o dos pagamentos. J\u00e1 s\u00e3o conhecidos os dias de <strong><a href=\"https:\/\/regiao-sul.pt\/tag\/novembro\" target=\"_blank\" rel=\"noreferrer noopener nofollow\">novembro<\/a><\/strong>.<\/p>\n<p>V\u00e1rios \u00f3rg\u00e3os de comunica\u00e7\u00e3o d\u00e3o a conhecer o calend\u00e1rio, atrav\u00e9s do qual se fica a saber qual a data em que vai receber o subs\u00eddio social ou a pens\u00e3o. E isto que pode ajudar a planear melhor o seu or\u00e7amento familiar.<\/p>\n<p>Os pagamentos de acordo com o calend\u00e1rio arrancaram hoje, segunda-feira, dia 3 de novembro, com as <a href=\"https:\/\/regiao-sul.pt\/tag\/pensoes\" target=\"_blank\" rel=\"noreferrer noopener nofollow\">pens\u00f5es<\/a> e <a href=\"https:\/\/regiao-sul.pt\/tag\/subsidios\" target=\"_blank\" rel=\"noreferrer noopener nofollow\">subs\u00eddios<\/a> associados a doen\u00e7a profissional.<\/p>\n<p>Seguidamente, no dia 7 de novembro ser\u00e1 pago o apoio \u00e0s rendas, bem como a Presta\u00e7\u00e3o Social para a Inclus\u00e3o, o Reembolso de Despesas de Funeral, o Complemento Solid\u00e1rio para Idosos e as pens\u00f5es.<\/p>\n<p>No dia 14 de novembro, \u00e9 o dia em que \u00e9 pago o primeiro pagamento <a href=\"https:\/\/regiao-sul.pt\/tag\/desemprego\" target=\"_blank\" rel=\"noreferrer noopener nofollow\">desemprego<\/a> \/ <a href=\"https:\/\/regiao-sul.pt\/tag\/doenca\" target=\"_blank\" rel=\"noreferrer noopener nofollow\">doen\u00e7a<\/a> \/ <a href=\"https:\/\/regiao-sul.pt\/tag\/parentalidade\" target=\"_blank\" rel=\"noreferrer noopener nofollow\">parentalidade<\/a> \/ <a href=\"https:\/\/regiao-sul.pt\/tag\/acao-social\" target=\"_blank\" rel=\"noreferrer noopener nofollow\">a\u00e7\u00e3o social<\/a>, bem como as Presta\u00e7\u00f5es Familiares.<\/p>\n<p>J\u00e1 o pagamento do Complemento Regional de Pens\u00e3o e o Rendimento Social de Inser\u00e7\u00e3o vai ser pago no dia 20 de novembro, segundo calend\u00e1rio da <a href=\"https:\/\/www.seg-social.pt\/\" rel=\"nofollow noopener\" target=\"_blank\">Seguran\u00e7a Social<\/a>, que fica conclu\u00eddo a 28 de novembro com o segundo pagamento desemprego \/ doen\u00e7a \/ parentalidade \/ a\u00e7\u00e3o social. Neste dia \u00e9 tamb\u00e9m pago o Subs\u00eddio de Apoio ao Cuidador Informal.<\/p>\n<p>Refira-se que todos os <a href=\"https:\/\/regiao-sul.pt\/tag\/pagamentos\" rel=\"nofollow noopener\" target=\"_blank\">pagamentos<\/a> s\u00e3o realizados por transfer\u00eancia banc\u00e1ria e por vale de correio, \u00e0 exce\u00e7\u00e3o do apoio \u00e0 renda, que \u00e9 pago, unicamente, por transfer\u00eancia banc\u00e1ria.<\/p>\n","protected":false},"excerpt":{"rendered":"Foram divulgadas pela Seguran\u00e7a Social as datas em que os benefici\u00e1rios e pensionistas v\u00e3o receber os subs\u00eddios e&hellip;\n","protected":false},"author":2,"featured_media":139644,"comment_status":"","ping_status":"","sticky":false,"template":"","format":"standard","meta":{"footnotes":""},"categories":[83],"tags":[88,89,90,25078,26771,7707,32,33,915,31084],"class_list":{"0":"post-139643","1":"post","2":"type-post","3":"status-publish","4":"format-standard","5":"has-post-thumbnail","7":"category-empresas","8":"tag-business","9":"tag-economy","10":"tag-empresas","11":"tag-novembro","12":"tag-pagamento","13":"tag-pensoes","14":"tag-portugal","15":"tag-pt","16":"tag-seguranca-social","17":"tag-subsidios"},"share_on_mastodon":{"url":"https:\/\/pubeurope.com\/@pt\/115493036726023529","error":""},"_links":{"self":[{"href":"https:\/\/www.europesays.com\/pt\/wp-json\/wp\/v2\/posts\/139643","targetHints":{"allow":["GET"]}}],"collection":[{"href":"https:\/\/www.europesays.com\/pt\/wp-json\/wp\/v2\/posts"}],"about":[{"href":"https:\/\/www.europesays.com\/pt\/wp-json\/wp\/v2\/types\/post"}],"author":[{"embeddable":true,"href":"https:\/\/www.europesays.com\/pt\/wp-json\/wp\/v2\/users\/2"}],"replies":[{"embeddable":true,"href":"https:\/\/www.europesays.com\/pt\/wp-json\/wp\/v2\/comments?post=139643"}],"version-history":[{"count":0,"href":"https:\/\/www.europesays.com\/pt\/wp-json\/wp\/v2\/posts\/139643\/revisions"}],"wp:featuredmedia":[{"embeddable":true,"href":"https:\/\/www.europesays.com\/pt\/wp-json\/wp\/v2\/media\/139644"}],"wp:attachment":[{"href":"https:\/\/www.europesays.com\/pt\/wp-json\/wp\/v2\/media?parent=139643"}],"wp:term":[{"taxonomy":"category","embeddable":true,"href":"https:\/\/www.europesays.com\/pt\/wp-json\/wp\/v2\/categories?post=139643"},{"taxonomy":"post_tag","embeddable":true,"href":"https:\/\/www.europesays.com\/pt\/wp-json\/wp\/v2\/tags?post=139643"}],"curies":[{"name":"wp","href":"https:\/\/api.w.org\/{rel}","templated":true}]}}