{"id":139647,"date":"2025-11-04T19:18:07","date_gmt":"2025-11-04T19:18:07","guid":{"rendered":"https:\/\/www.europesays.com\/pt\/139647\/"},"modified":"2025-11-04T19:18:07","modified_gmt":"2025-11-04T19:18:07","slug":"morte-de-gravida-hospital-amadora-sintra-so-agora-contactou-a-familia","status":"publish","type":"post","link":"https:\/\/www.europesays.com\/pt\/139647\/","title":{"rendered":"Morte de gr\u00e1vida. Hospital Amadora-Sintra s\u00f3 agora contactou a fam\u00edlia"},"content":{"rendered":"<p>Quatro dias depois da morte de Umo Cani e depois de questionado pela RTP, o Hospital Fernando da Fonseca refere agora que \u201cj\u00e1 contatou a fam\u00edlia da utente para apresentar sentidas condol\u00eancias\u201d.<\/p>\n<p>O hospital manifestou ainda a sua disponibilidade<b> \u201cpara prestar todo o apoio psicol\u00f3gico que for entendido como necess\u00e1rio\u201d<\/b>.<\/p>\n<p>Sobre a queixa-crime que a fam\u00edlia vai apresentar contra o hospital, o Amadora-Sintra n\u00e3o prestou declara\u00e7\u00f5es, justificando com os v\u00e1rios inqu\u00e9ritos que est\u00e3o abertos.<\/p>\n<p>&#13;<br \/>\nA mulher de 36 anos e de nacionalidade guineense deu entrada no hospital na madrugada de sexta-feira j\u00e1 em paragem cardiorrespirat\u00f3ria. <b>Estava gr\u00e1vida de 38 semanas e tinha estado na quarta-feira numa consulta de rotina, tendo sido mandada para casa.\u00a0&#13;<br \/>\n<\/b>&#13;\n<\/p>\n<p>&#13;<br \/>\nNo dia seguinte de madrugada, a gr\u00e1vida entrou em paragem cardiorespirat\u00f3ria e n\u00e3o sobreviveu. A RTP apurou que a causa de morte ter\u00e1 sido um enfarte.\u00a0&#13;\n<\/p>\n<p>&#13;<br \/>\nNo s\u00e1bado,\u00a0o beb\u00e9, que estava internado nos cuidados intensivos desde que nasceu, acabou por n\u00e3o resistir e perder tamb\u00e9m a vida.&#13;<\/p>\n","protected":false},"excerpt":{"rendered":"Quatro dias depois da morte de Umo Cani e depois de questionado pela RTP, o Hospital Fernando da&hellip;\n","protected":false},"author":2,"featured_media":139648,"comment_status":"","ping_status":"","sticky":false,"template":"","format":"standard","meta":{"footnotes":""},"categories":[10],"tags":[27,28,981,15,16,2611,14,30264,25,26,21,22,12,13,19,20,32,23,24,33,17,18,29,30,31],"class_list":{"0":"post-139647","1":"post","2":"type-post","3":"status-publish","4":"format-standard","5":"has-post-thumbnail","7":"category-portugal","8":"tag-breaking-news","9":"tag-breakingnews","10":"tag-familia","11":"tag-featured-news","12":"tag-featurednews","13":"tag-gravida","14":"tag-headlines","15":"tag-hospital-amadora-sintra","16":"tag-latest-news","17":"tag-latestnews","18":"tag-main-news","19":"tag-mainnews","20":"tag-news","21":"tag-noticias","22":"tag-noticias-principais","23":"tag-noticiasprincipais","24":"tag-portugal","25":"tag-principais-noticias","26":"tag-principaisnoticias","27":"tag-pt","28":"tag-top-stories","29":"tag-topstories","30":"tag-ultimas","31":"tag-ultimas-noticias","32":"tag-ultimasnoticias"},"share_on_mastodon":{"url":"https:\/\/pubeurope.com\/@pt\/115493044420864068","error":""},"_links":{"self":[{"href":"https:\/\/www.europesays.com\/pt\/wp-json\/wp\/v2\/posts\/139647","targetHints":{"allow":["GET"]}}],"collection":[{"href":"https:\/\/www.europesays.com\/pt\/wp-json\/wp\/v2\/posts"}],"about":[{"href":"https:\/\/www.europesays.com\/pt\/wp-json\/wp\/v2\/types\/post"}],"author":[{"embeddable":true,"href":"https:\/\/www.europesays.com\/pt\/wp-json\/wp\/v2\/users\/2"}],"replies":[{"embeddable":true,"href":"https:\/\/www.europesays.com\/pt\/wp-json\/wp\/v2\/comments?post=139647"}],"version-history":[{"count":0,"href":"https:\/\/www.europesays.com\/pt\/wp-json\/wp\/v2\/posts\/139647\/revisions"}],"wp:featuredmedia":[{"embeddable":true,"href":"https:\/\/www.europesays.com\/pt\/wp-json\/wp\/v2\/media\/139648"}],"wp:attachment":[{"href":"https:\/\/www.europesays.com\/pt\/wp-json\/wp\/v2\/media?parent=139647"}],"wp:term":[{"taxonomy":"category","embeddable":true,"href":"https:\/\/www.europesays.com\/pt\/wp-json\/wp\/v2\/categories?post=139647"},{"taxonomy":"post_tag","embeddable":true,"href":"https:\/\/www.europesays.com\/pt\/wp-json\/wp\/v2\/tags?post=139647"}],"curies":[{"name":"wp","href":"https:\/\/api.w.org\/{rel}","templated":true}]}}