{"id":139651,"date":"2025-11-04T19:21:11","date_gmt":"2025-11-04T19:21:11","guid":{"rendered":"https:\/\/www.europesays.com\/pt\/139651\/"},"modified":"2025-11-04T19:21:11","modified_gmt":"2025-11-04T19:21:11","slug":"louvre-uma-das-palavras-passe-era-louvre-observador","status":"publish","type":"post","link":"https:\/\/www.europesays.com\/pt\/139651\/","title":{"rendered":"Louvre. Uma das palavras-passe era&#8230; Louvre \u2013 Observador"},"content":{"rendered":"<p>As autoridades que est\u00e3o a investigar o <a href=\"https:\/\/observador.pt\/2025\/10\/19\/assalto-fecha-museu-do-louvre-em-paris\/\" rel=\"nofollow noopener\" target=\"_blank\">assalto ao Museu do Louvre, ocorrido no dia 19 de outubro<\/a>, identificaram falhas significativas no sistema de seguran\u00e7a do edif\u00edcio, segundo noticiou o jornal franc\u00eas <a href=\"https:\/\/www.liberation.fr\/checknews\/louvre-en-mot-de-passe-logiciels-obsoletes-mises-a-jour-impossibles-dix-ans-de-failles-dans-la-securite-informatique-du-premier-musee-au-monde-20251101_RD5YGV6WMVAXLL6U3SRGVFBIBY\/\" rel=\"nofollow noopener\" target=\"_blank\">Lib\u00e9ration<\/a>. De acordo com os relat\u00f3rios, h\u00e1 pelo menos uma d\u00e9cada que se registam v\u00e1rios problemas relacionados com a seguran\u00e7a do museu, incluindo o uso de programas de software desatualizados e a utiliza\u00e7\u00e3o de palavras-passe demasiado simples.<\/p>\n<p>Leia tamb\u00e9m: <a href=\"\">Assaltantes entram no Louvre, roubam joias da \u00faltima imperatriz de Fran\u00e7a em 7 minutos e fogem de scooter<\/a><\/p>\n<p>A ministra da Cultura, Rachida Dati, que inicialmente garantiu que \u201cos dispositivos de seguran\u00e7a do museu n\u00e3o falharam\u201d, acabou por admitir perante o Senado que, de facto, \u201c<strong>existiram falhas de seguran\u00e7a<\/strong>\u201c.\u00a0 Documentos e auditorias confidenciais revelam que o museu tem sido alertado, h\u00e1 pelo menos onze anos, para falhas inform\u00e1ticas cr\u00edticas que <strong>nunca chegaram a ser totalmente resolvidas<\/strong>. Face a esta situa\u00e7\u00e3o, o minist\u00e9rio anunciou a a ado\u00e7\u00e3o das primeiras medidas de urg\u00eancia para auditar e refor\u00e7ar os mecanismos de seguran\u00e7a do museu.<\/p>\n<p>Em dezembro de 2014, a Ag\u00eancia Nacional de Seguran\u00e7a dos Sistemas de Informa\u00e7\u00e3o (ANSSI, na sigla francesa) realizou uma auditoria aos sistemas inform\u00e1ticos do museu, com foco na rede de seguran\u00e7a que controla os acessos, alarmes e c\u00e2maras de videovigil\u00e2ncia. O relat\u00f3rio, classificado como \u201crestrito\u201d, concluiu que \u201c<strong>as aplica\u00e7\u00f5es e sistemas apresentam numerosas vulnerabilidades<\/strong>\u201c. Durante os testes, os peritos conseguiram aceder \u00e0 rede interna do museu, o que permitiria, em teoria, manipular os servidores de videovigil\u00e2ncia ou alterar as autoriza\u00e7\u00f5es de acesso por crach\u00e1.<\/p>\n<p>O documento revelou, tamb\u00e9m, que os t\u00e9cnicos usaram palavras-passe extremamente fr\u00e1geis \u2014 entre elas \u201cLOUVRE\u201d e \u201cTHALES\u201d \u2014 e que v\u00e1rios computadores funcionavam com sistemas operativos antigos, como o Windows 2000. A ANSSI recomendou a substitui\u00e7\u00e3o urgente desses sistemas, a utiliza\u00e7\u00e3o de palavras-passe complexas e a corre\u00e7\u00e3o das falhas identificadas. Por\u00e9m, auditorias posteriores mostraram que muitos problemas continuaram a existir.<\/p>\n<p>Em 2017, um novo relat\u00f3rio do Instituto Nacional de Altos Estudos de Seguran\u00e7a e Justi\u00e7a voltou a apontar \u201c<strong>grandes car\u00eancias<\/strong>\u201d na seguran\u00e7a, incluindo falhas na forma\u00e7\u00e3o das equipas, na gest\u00e3o dos fluxos de visitantes e na manuten\u00e7\u00e3o dos equipamentos. O documento de 40 p\u00e1ginas sublinhou que \u201c<strong>as tecnologias s\u00e3o envelhecidas e sofrem de disfun\u00e7\u00f5es t\u00e9cnicas regulares<\/strong>\u201d e que parte dos sistemas inform\u00e1ticos continuava a operar em vers\u00f5es desatualizadas, como o Windows XP, sem antiv\u00edrus atualizados nem bloqueio de sess\u00e3o.<\/p>\n<p>Al\u00e9m disso, a empresa respons\u00e1vel relatou ao Lib\u00e9ration que n\u00e3o existia nenhum contrato de manuten\u00e7\u00e3o ativo e que, desde 2019, <strong>o museu n\u00e3o entrou em contacto para que este fosse renovado<\/strong>.<\/p>\n<p>Entre 2019 e 2025, v\u00e1rios documentos de concursos p\u00fablicos publicados pelo Louvre confirmam que o problema se agravou. O museu acumulou, ao longo de duas d\u00e9cadas, uma <strong>complexa rede de circuitos e programas<\/strong> que controlam a videovigil\u00e2ncia, os acessos, os alarmes e a dete\u00e7\u00e3o de intrus\u00f5es. O software Sathi, desenvolvido pela Thales e adquirido em 2003 para supervisionar o controlo de acessos e a videovigil\u00e2ncia anal\u00f3gica, <strong>deixou de ser atualizado h\u00e1 v\u00e1rios anos<\/strong>. Segundo documentos de 2025, Sathi figura entre oito programas essenciais que \u201cn\u00e3o podem ser atualizados\u201d, alguns ainda a funcionar em servidores com Windows Server 2003 (descontinuado pela Microsoft desde 2015).<\/p>\n<p>J\u00e1 no in\u00edcio deste ano, a sede da Pol\u00edcia de Paris iniciou uma nova auditoria de seguran\u00e7a no Louvre, cujas conclus\u00f5es ainda n\u00e3o foram tornadas p\u00fablicas. Vincent Annereau, comiss\u00e1rio respons\u00e1vel pelo estudo, reconheceu perante o Senado que <strong>o sistema inform\u00e1tico \u201cnecessita urgentemente de ser modernizado\u201d<\/strong> e que a dire\u00e7\u00e3o do museu tinha plena consci\u00eancia da necessidade de \u201creavaliar o sistema de seguran\u00e7a de todo o museu\u201d.<\/p>\n<p class=\"tinymceh1\"><strong>[H\u00e1 d\u00favidas at\u00e9 ao fim que acabam na vit\u00f3ria mais curta da Hist\u00f3ria.\u00a0A\u00a0<a href=\"https:\/\/observador.pt\/wp-admin\/post.php?post=7685876&amp;action=edit\" rel=\"nofollow noopener\" target=\"_blank\">\u201cElei\u00e7\u00e3o Mais Louca de Sempre\u201d<\/a>\u00a0\u00e9 o novo Podcast Plus do Observador sobre as Presidenciais de 1986. Uma s\u00e9rie narrada pelo ator Gon\u00e7alo Waddington, com banda sonora original de Samuel \u00daria. Pode ouvir o \u00faltimo epis\u00f3dio\u00a0<a href=\"https:\/\/observador.pt\/programas\/a-eleio-mais-louca-de-sempre\/episodio-6-a-vitoria-mais-curta-da-historia\/\" rel=\"nofollow noopener\" target=\"_blank\">aqui<\/a>, no\u00a0Observador, e tamb\u00e9m na\u00a0<a href=\"https:\/\/podcasts.apple.com\/pt\/podcast\/epis%C3%B3dio-6-a-vit%C3%B3ria-mais-curta-da-hist%C3%B3ria\/id1841273464?i=1000735108841\" rel=\"nofollow noopener\" target=\"_blank\">Apple Podcasts<\/a>, no\u00a0<a href=\"https:\/\/open.spotify.com\/episode\/01P6DWg39vDsqRDF9hHto6?si=32fb673d4e6f476f\" rel=\"nofollow noopener\" target=\"_blank\">Spotify<\/a>\u00a0e no\u00a0<a href=\"https:\/\/music.youtube.com\/watch?v=tC9N52JuIbI&amp;si=yDUA94GtcmbZxfYl\" rel=\"nofollow noopener\" target=\"_blank\">Youtube Music<\/a>. E pode ouvir o primeiro epis\u00f3dio\u00a0<a href=\"https:\/\/observador.pt\/programas\/a-eleio-mais-louca-de-sempre\/estreia-a-eleicao-mais-louca-de-sempre-episodio-1-apostamos-no-cavalo-errado\/\" target=\"_blank\" rel=\"noopener nofollow\">aqui<\/a>,\u00a0o segundo\u00a0<a href=\"https:\/\/observador.pt\/programas\/a-eleio-mais-louca-de-sempre\/episodio-2-uma-traicao-inesperada\/\" target=\"_blank\" rel=\"noopener nofollow\">aqui<\/a>,\u00a0o terceiro\u00a0<a href=\"https:\/\/observador.pt\/programas\/a-eleio-mais-louca-de-sempre\/episodio-3-ele-nao-e-meu-irmao\/\" rel=\"nofollow noopener\" target=\"_blank\">aqui<\/a>, o\u00a0<a href=\"https:\/\/observador.pt\/programas\/a-eleio-mais-louca-de-sempre\/episodio-4-portugal-nao-e-moscovo\/\" rel=\"nofollow noopener\" target=\"_blank\">quarto<\/a>\u00a0aqui e o\u00a0<a href=\"https:\/\/observador.pt\/programas\/a-eleio-mais-louca-de-sempre\/episodio-5-uma-armadilha-em-direto\/\" rel=\"nofollow noopener\" target=\"_blank\">quinto\u00a0<\/a>aqui]<\/strong><\/p>\n<p><a href=\"https:\/\/observador.pt\/programas\/a-eleio-mais-louca-de-sempre\/episodio-6-a-vitoria-mais-curta-da-historia\/\" rel=\"nofollow noopener\" target=\"_blank\"><\/p>\n<p>        <img src=\"https:\/\/www.europesays.com\/pt\/wp-content\/uploads\/2025\/10\/1761878958_488_770-a-eleicao-mais-louca-de-sempre-playicon.png\" alt=\"\" loading=\"lazy\" decoding=\"async\" class=\"alignnone\" onload=\"this.parentElement.classList.remove('spinner')\" onerror=\"this.parentElement.classList.remove('spinner')\" width=\"770\" height=\"433\"\/>    <\/p>\n<p><\/a><\/p>\n","protected":false},"excerpt":{"rendered":"As autoridades que est\u00e3o a investigar o assalto ao Museu do Louvre, ocorrido no dia 19 de outubro,&hellip;\n","protected":false},"author":2,"featured_media":139652,"comment_status":"","ping_status":"","sticky":false,"template":"","format":"standard","meta":{"footnotes":""},"categories":[144],"tags":[207,205,206,203,201,202,604,315,204,114,115,445,2104,62,32,33,5941,58],"class_list":{"0":"post-139651","1":"post","2":"type-post","3":"status-publish","4":"format-standard","5":"has-post-thumbnail","7":"category-arte-e-design","8":"tag-arte","9":"tag-arte-e-design","10":"tag-artedesign","11":"tag-arts","12":"tag-arts-and-design","13":"tag-artsanddesign","14":"tag-crime","15":"tag-cultura","16":"tag-design","17":"tag-entertainment","18":"tag-entretenimento","19":"tag-europa","20":"tag-franu00e7a","21":"tag-mundo","22":"tag-portugal","23":"tag-pt","24":"tag-roubo","25":"tag-sociedade"},"share_on_mastodon":{"url":"https:\/\/pubeurope.com\/@pt\/115493056247572734","error":""},"_links":{"self":[{"href":"https:\/\/www.europesays.com\/pt\/wp-json\/wp\/v2\/posts\/139651","targetHints":{"allow":["GET"]}}],"collection":[{"href":"https:\/\/www.europesays.com\/pt\/wp-json\/wp\/v2\/posts"}],"about":[{"href":"https:\/\/www.europesays.com\/pt\/wp-json\/wp\/v2\/types\/post"}],"author":[{"embeddable":true,"href":"https:\/\/www.europesays.com\/pt\/wp-json\/wp\/v2\/users\/2"}],"replies":[{"embeddable":true,"href":"https:\/\/www.europesays.com\/pt\/wp-json\/wp\/v2\/comments?post=139651"}],"version-history":[{"count":0,"href":"https:\/\/www.europesays.com\/pt\/wp-json\/wp\/v2\/posts\/139651\/revisions"}],"wp:featuredmedia":[{"embeddable":true,"href":"https:\/\/www.europesays.com\/pt\/wp-json\/wp\/v2\/media\/139652"}],"wp:attachment":[{"href":"https:\/\/www.europesays.com\/pt\/wp-json\/wp\/v2\/media?parent=139651"}],"wp:term":[{"taxonomy":"category","embeddable":true,"href":"https:\/\/www.europesays.com\/pt\/wp-json\/wp\/v2\/categories?post=139651"},{"taxonomy":"post_tag","embeddable":true,"href":"https:\/\/www.europesays.com\/pt\/wp-json\/wp\/v2\/tags?post=139651"}],"curies":[{"name":"wp","href":"https:\/\/api.w.org\/{rel}","templated":true}]}}