{"id":139663,"date":"2025-11-04T19:37:13","date_gmt":"2025-11-04T19:37:13","guid":{"rendered":"https:\/\/www.europesays.com\/pt\/139663\/"},"modified":"2025-11-04T19:37:13","modified_gmt":"2025-11-04T19:37:13","slug":"ladrao-em-fuga-na-avenida-dos-aliados-ataca-populares-com-po-de-extintor","status":"publish","type":"post","link":"https:\/\/www.europesays.com\/pt\/139663\/","title":{"rendered":"Ladr\u00e3o em fuga na Avenida dos Aliados ataca populares com p\u00f3 de extintor"},"content":{"rendered":"<p data-remotead-prev-elm=\"true\" data-remotead-elm-id=\"inread\">O suspeito, de 31 anos, furtou v\u00e1rios artigos de um estabelecimento comercial e seria descoberto. Pelas 13 horas de domingo, o ladr\u00e3o abandonaria o local rapidamente para evitar a deten\u00e7\u00e3o, no entanto, foi perseguido por populares e intercetado. J\u00e1 encurralado, em plena Avenida dos Aliados, o homem conseguiu agarrar num extintor e usou o p\u00f3 do equipamento para atingir quem o tentava agarrar.<\/p>\n<p>Nesta altura, um pol\u00edcia que se encontrava nas imedia\u00e7\u00f5es tentou det\u00ea-lo, mas tamb\u00e9m acabaria por ser agredido na face com o extintor. Mesmo assim, e com a ajuda dos populares que estavam no local, o agente da PSP conseguiu algemar o agressor.<\/p>\n<p>O ladr\u00e3o ainda estava na posse dos artigos furtados pouco antes e avaliados em 819 euros. Tinha igualmente outros objetos, avaliados em 481 euros, furtados em ocasi\u00f5es anteriores.<\/p>\n<p>&#8220;O detido foi presente \u00e0s autoridades judici\u00e1rias competentes, sendo aplicada a medida de coa\u00e7\u00e3o de perman\u00eancia na habita\u00e7\u00e3o, aguardando em pris\u00e3o preventiva a coloca\u00e7\u00e3o dos dispositivos de vigil\u00e2ncia eletr\u00f3nica&#8221;, informou a PSP, nesta ter\u00e7a-feira.<\/p>\n","protected":false},"excerpt":{"rendered":"O suspeito, de 31 anos, furtou v\u00e1rios artigos de um estabelecimento comercial e seria descoberto. Pelas 13 horas&hellip;\n","protected":false},"author":2,"featured_media":139664,"comment_status":"","ping_status":"","sticky":false,"template":"","format":"standard","meta":{"footnotes":""},"categories":[10],"tags":[27,28,16610,31087,15,16,24363,14,603,31088,25,26,21,22,12,13,19,20,32,23,24,1306,33,17,18,29,30,31],"class_list":{"0":"post-139663","1":"post","2":"type-post","3":"status-publish","4":"format-standard","5":"has-post-thumbnail","7":"category-portugal","8":"tag-breaking-news","9":"tag-breakingnews","10":"tag-detido","11":"tag-extintor","12":"tag-featured-news","13":"tag-featurednews","14":"tag-furto","15":"tag-headlines","16":"tag-justica","17":"tag-ladrao","18":"tag-latest-news","19":"tag-latestnews","20":"tag-main-news","21":"tag-mainnews","22":"tag-news","23":"tag-noticias","24":"tag-noticias-principais","25":"tag-noticiasprincipais","26":"tag-portugal","27":"tag-principais-noticias","28":"tag-principaisnoticias","29":"tag-psp","30":"tag-pt","31":"tag-top-stories","32":"tag-topstories","33":"tag-ultimas","34":"tag-ultimas-noticias","35":"tag-ultimasnoticias"},"share_on_mastodon":{"url":"","error":""},"_links":{"self":[{"href":"https:\/\/www.europesays.com\/pt\/wp-json\/wp\/v2\/posts\/139663","targetHints":{"allow":["GET"]}}],"collection":[{"href":"https:\/\/www.europesays.com\/pt\/wp-json\/wp\/v2\/posts"}],"about":[{"href":"https:\/\/www.europesays.com\/pt\/wp-json\/wp\/v2\/types\/post"}],"author":[{"embeddable":true,"href":"https:\/\/www.europesays.com\/pt\/wp-json\/wp\/v2\/users\/2"}],"replies":[{"embeddable":true,"href":"https:\/\/www.europesays.com\/pt\/wp-json\/wp\/v2\/comments?post=139663"}],"version-history":[{"count":0,"href":"https:\/\/www.europesays.com\/pt\/wp-json\/wp\/v2\/posts\/139663\/revisions"}],"wp:featuredmedia":[{"embeddable":true,"href":"https:\/\/www.europesays.com\/pt\/wp-json\/wp\/v2\/media\/139664"}],"wp:attachment":[{"href":"https:\/\/www.europesays.com\/pt\/wp-json\/wp\/v2\/media?parent=139663"}],"wp:term":[{"taxonomy":"category","embeddable":true,"href":"https:\/\/www.europesays.com\/pt\/wp-json\/wp\/v2\/categories?post=139663"},{"taxonomy":"post_tag","embeddable":true,"href":"https:\/\/www.europesays.com\/pt\/wp-json\/wp\/v2\/tags?post=139663"}],"curies":[{"name":"wp","href":"https:\/\/api.w.org\/{rel}","templated":true}]}}