{"id":139667,"date":"2025-11-04T19:39:10","date_gmt":"2025-11-04T19:39:10","guid":{"rendered":"https:\/\/www.europesays.com\/pt\/139667\/"},"modified":"2025-11-04T19:39:10","modified_gmt":"2025-11-04T19:39:10","slug":"atriz-mari-bridi-se-constrange-com-pergunta-intima-no-encontro","status":"publish","type":"post","link":"https:\/\/www.europesays.com\/pt\/139667\/","title":{"rendered":"Atriz Mari Bridi se constrange com pergunta \u00edntima no Encontro"},"content":{"rendered":"<p><strong>Mari<\/strong> <strong>Bridi<\/strong> passou por um momento embara\u00e7oso no <strong>Encontro com Patr\u00edcia Poeta <\/strong>deste ter\u00e7a-feira (4). A atriz, que est\u00e1 no ar como a dan\u00e7arina\u00a0<strong>Mirtes<\/strong> em <strong>\u00cata Mundo Melhor!<\/strong>, ficou constrangida ao ser questionada sobre sua vida amorosa por uma convidada da plateia.<\/p>\n<p>A situa\u00e7\u00e3o ocorreu no bloco final da atra\u00e7\u00e3o, quando <strong>Patr\u00edcia Poeta<\/strong> abriu espa\u00e7o para perguntas e uma admiradora da atriz quis saber o atual status de relacionamento da atriz, que h\u00e1 quase tr\u00eas anos teve um conturbado fim de casamento com o ator <strong>Rafael Cardoso<\/strong>.\u00a0<\/p>\n<p>\u201cMari, como est\u00e1 o cora\u00e7\u00e3o? Solteira, casada&#8230;?\u201d, perguntou a mulher. \u201cMeu cora\u00e7\u00e3o est\u00e1 bem, mas est\u00e1 solteiro\u201d, respondeu <strong>Mari Bridi<\/strong>, visivelmente embara\u00e7ada. Ao notar o constrangimento da convidada,\u00a0<strong>Patr\u00edcia Poeta\u00a0<\/strong>decidiu intervir:\u00a0\u201cT\u00e1 solteiro, mas feliz\u201d. E a atriz acrescentou: \u201cEu estou bem feliz\u201d.<\/p>\n<p>Em agosto deste ano, no entanto, surgiram rumores de que<strong> <a href=\"https:\/\/www.otempo.com.br\/entretenimento\/2025\/8\/1\/dancarino-de-diogo-nogueira-e-apontado-como-affair-de-mari-bridi\" target=\"_blank\" rel=\"noopener nofollow\">Mari Bridi<\/a><\/strong><a href=\"https:\/\/www.otempo.com.br\/entretenimento\/2025\/8\/1\/dancarino-de-diogo-nogueira-e-apontado-como-affair-de-mari-bridi\" target=\"_blank\" rel=\"noopener nofollow\"> estaria dando uma nova chance ao amor <\/a>com o dan\u00e7arino do cantor <strong>Diogo Nogueira<\/strong>, o bailarino e core\u00f3grafo <strong>Eduardo Rangel<\/strong>. Os dois teriam se aproximado nos bastidores de <strong>\u00cata Mundo Melhor!<\/strong>, segundo informa\u00e7\u00f5es divulgadas pelo jornal Extra.<\/p>\n","protected":false},"excerpt":{"rendered":"Mari Bridi passou por um momento embara\u00e7oso no Encontro com Patr\u00edcia Poeta deste ter\u00e7a-feira (4). A atriz, que&hellip;\n","protected":false},"author":2,"featured_media":139668,"comment_status":"","ping_status":"","sticky":false,"template":"","format":"standard","meta":{"footnotes":""},"categories":[145],"tags":[211,210,7455,31090,114,115,31091,32,33],"class_list":{"0":"post-139667","1":"post","2":"type-post","3":"status-publish","4":"format-standard","5":"has-post-thumbnail","7":"category-celebridades","8":"tag-celebridades","9":"tag-celebrities","10":"tag-encontro","11":"tag-encontro-com-patricia-poeta","12":"tag-entertainment","13":"tag-entretenimento","14":"tag-mari-bridi","15":"tag-portugal","16":"tag-pt"},"share_on_mastodon":{"url":"https:\/\/pubeurope.com\/@pt\/115493126980702092","error":""},"_links":{"self":[{"href":"https:\/\/www.europesays.com\/pt\/wp-json\/wp\/v2\/posts\/139667","targetHints":{"allow":["GET"]}}],"collection":[{"href":"https:\/\/www.europesays.com\/pt\/wp-json\/wp\/v2\/posts"}],"about":[{"href":"https:\/\/www.europesays.com\/pt\/wp-json\/wp\/v2\/types\/post"}],"author":[{"embeddable":true,"href":"https:\/\/www.europesays.com\/pt\/wp-json\/wp\/v2\/users\/2"}],"replies":[{"embeddable":true,"href":"https:\/\/www.europesays.com\/pt\/wp-json\/wp\/v2\/comments?post=139667"}],"version-history":[{"count":0,"href":"https:\/\/www.europesays.com\/pt\/wp-json\/wp\/v2\/posts\/139667\/revisions"}],"wp:featuredmedia":[{"embeddable":true,"href":"https:\/\/www.europesays.com\/pt\/wp-json\/wp\/v2\/media\/139668"}],"wp:attachment":[{"href":"https:\/\/www.europesays.com\/pt\/wp-json\/wp\/v2\/media?parent=139667"}],"wp:term":[{"taxonomy":"category","embeddable":true,"href":"https:\/\/www.europesays.com\/pt\/wp-json\/wp\/v2\/categories?post=139667"},{"taxonomy":"post_tag","embeddable":true,"href":"https:\/\/www.europesays.com\/pt\/wp-json\/wp\/v2\/tags?post=139667"}],"curies":[{"name":"wp","href":"https:\/\/api.w.org\/{rel}","templated":true}]}}