{"id":139672,"date":"2025-11-04T19:45:24","date_gmt":"2025-11-04T19:45:24","guid":{"rendered":"https:\/\/www.europesays.com\/pt\/139672\/"},"modified":"2025-11-04T19:45:24","modified_gmt":"2025-11-04T19:45:24","slug":"adeptos-do-fc-porto-atiram-garrafa-a-samu-e-dragoes-sao-multados-em-2-550-euros","status":"publish","type":"post","link":"https:\/\/www.europesays.com\/pt\/139672\/","title":{"rendered":"Adeptos do FC Porto atiram garrafa a Samu&#8230; e drag\u00f5es s\u00e3o multados em 2.550 euros"},"content":{"rendered":"<p>O FC Porto vai ter de pagar um total de 5.863 euros pelo mau comportamento dos adeptos, na desloca\u00e7\u00e3o da equipa principal ao reduto do Moreirense, na nona jornada da Liga.<\/p>\n<p>Atrav\u00e9s do mapa de castigos da Liga, saltam \u00e0 vista os 2.550 euros de multa por uma garrafa atirada pelos pr\u00f3prios adeptos do FC Porto a Samu, durante os festejos do segundo golo da forma\u00e7\u00e3o orientada por Francesco Farioli.<\/p>\n<p>\u00abAquando do segundo golo do FC Porto, os jogadores da equipa e bem assim parte dos jogadores que se encontravam no banco de suplentes, juntaram-se todos a festejar na linha lateral em frente da ZECAP do visitado (que por raz\u00f5es de seguran\u00e7a tinha sido aberta para acolher adeptos do FC Porto). Durante a ocorr\u00eancia destes festejos, foi arremessada da bancada para o relvado, na dire\u00e7\u00e3o do jogador n.\u00ba 9 do FC Porto, Samu\u00bb, pode ler-se.<\/p>\n<p>Al\u00e9m disso, o FC Porto acabou multado em 1.403 euros pelo comportamento incorreto dos adeptos, acima de tudo pelos insultos dirigidos ao guada-redes do Moreirense e ao Benfica, al\u00e9m dos 1.910 euros pelo \u00abartefato pirot\u00e9cnico deflagrado no exterior do recinto desportivo\u00bb.<\/p>\n","protected":false},"excerpt":{"rendered":"O FC Porto vai ter de pagar um total de 5.863 euros pelo mau comportamento dos adeptos, na&hellip;\n","protected":false},"author":2,"featured_media":139673,"comment_status":"","ping_status":"","sticky":false,"template":"","format":"standard","meta":{"footnotes":""},"categories":[87],"tags":[135,282,31092,36,46,8343,6203,32,33,47,7930,134],"class_list":{"0":"post-139672","1":"post","2":"type-post","3":"status-publish","4":"format-standard","5":"has-post-thumbnail","7":"category-desporto","8":"tag-desporto","9":"tag-fc-porto","10":"tag-garrafa","11":"tag-liga","12":"tag-maisfutebol","13":"tag-moreirense","14":"tag-multa","15":"tag-portugal","16":"tag-pt","17":"tag-pura-paixao","18":"tag-samu","19":"tag-sports"},"share_on_mastodon":{"url":"https:\/\/pubeurope.com\/@pt\/115493150768788906","error":""},"_links":{"self":[{"href":"https:\/\/www.europesays.com\/pt\/wp-json\/wp\/v2\/posts\/139672","targetHints":{"allow":["GET"]}}],"collection":[{"href":"https:\/\/www.europesays.com\/pt\/wp-json\/wp\/v2\/posts"}],"about":[{"href":"https:\/\/www.europesays.com\/pt\/wp-json\/wp\/v2\/types\/post"}],"author":[{"embeddable":true,"href":"https:\/\/www.europesays.com\/pt\/wp-json\/wp\/v2\/users\/2"}],"replies":[{"embeddable":true,"href":"https:\/\/www.europesays.com\/pt\/wp-json\/wp\/v2\/comments?post=139672"}],"version-history":[{"count":0,"href":"https:\/\/www.europesays.com\/pt\/wp-json\/wp\/v2\/posts\/139672\/revisions"}],"wp:featuredmedia":[{"embeddable":true,"href":"https:\/\/www.europesays.com\/pt\/wp-json\/wp\/v2\/media\/139673"}],"wp:attachment":[{"href":"https:\/\/www.europesays.com\/pt\/wp-json\/wp\/v2\/media?parent=139672"}],"wp:term":[{"taxonomy":"category","embeddable":true,"href":"https:\/\/www.europesays.com\/pt\/wp-json\/wp\/v2\/categories?post=139672"},{"taxonomy":"post_tag","embeddable":true,"href":"https:\/\/www.europesays.com\/pt\/wp-json\/wp\/v2\/tags?post=139672"}],"curies":[{"name":"wp","href":"https:\/\/api.w.org\/{rel}","templated":true}]}}