{"id":139674,"date":"2025-11-04T19:46:11","date_gmt":"2025-11-04T19:46:11","guid":{"rendered":"https:\/\/www.europesays.com\/pt\/139674\/"},"modified":"2025-11-04T19:46:11","modified_gmt":"2025-11-04T19:46:11","slug":"mais-que-um-cha-da-vovo-camomila-tem-efeitos-comprovados-no-combate-a-insonia","status":"publish","type":"post","link":"https:\/\/www.europesays.com\/pt\/139674\/","title":{"rendered":"Mais que um &#8216;ch\u00e1 da vov\u00f3&#8217;, camomila tem efeitos comprovados no combate \u00e0 ins\u00f4nia"},"content":{"rendered":"<p>A busca por uma noite de sono reparadora \u00e9 constante, e muitas pessoas se voltam para solu\u00e7\u00f5es naturais, acess\u00edveis e com menos efeitos colaterais. Neste cen\u00e1rio, a camomila ressurge, n\u00e3o como um simples &#8220;ch\u00e1 da vov\u00f3&#8221;, mas como uma poderosa aliada validada pela ci\u00eancia.<\/p>\n<p><strong>Fa\u00e7a parte do grupo do Di\u00e1rio no <\/strong><a href=\"https:\/\/bit.ly\/CanalDiarioDoLitoral\" target=\"_blank\" rel=\"nofollow noopener\">WhatsApp<\/a> <strong>e<\/strong> <a href=\"https:\/\/t.me\/diariodolitoral\" target=\"_blank\" rel=\"nofollow\">Telegram<\/a><strong>.<br \/>Mantenha-se bem informado.<\/strong><\/p>\n<p>O Dr. William Arias, especialista em medicina funcional e nutri\u00e7\u00e3o cl\u00ednica, argumenta ao jornal espanhol El Confidencial que a planta \u00e9 uma ferramenta poderosa, comprovada pela ci\u00eancia, como aliada na melhora da qualidade do sono, destacando suas propriedades que v\u00e3o muito al\u00e9m do uso caseiro e tradicional.\n\t\t\t<\/p>\n<p class=\"texto-continue listagem-detalhe\">Continua depois da publicidade<\/p>\n<p>\t\t\t\t\t\t\tLeia Tamb\u00e9m<br \/>\n\t\t\t\t\t\t\t\t\t\t\t\t\t\t\t\t\t\t\t\t\t\t\t<a href=\"https:\/\/www.diariodolitoral.com.br\/variedades\/saude\/cha-de-camomila-com-bicarbonato-de-sodio-os-beneficios-e-para-que\/201283\/\" title=\"\" class=\"link-titulo w-inline-block\" rel=\"nofollow noopener\" target=\"_blank\"><br \/>\n\t\t\t\t\t\t\t\t\t\u2022 Ch\u00e1 de camomila com bicarbonato de s\u00f3dio: os benef\u00edcios e para que serve<br \/>\n\t\t\t\t\t\t\t\t<\/a><br \/>\n\t\t\t\t\t\t\t\t\t\t\t\t\t\t\t\t\t\t\t\t\t\t\t<a href=\"https:\/\/www.diariodolitoral.com.br\/variedades\/beneficios-do-cha-de-camomila-para-saude\/90381\/\" title=\"\" class=\"link-titulo w-inline-block\" rel=\"nofollow noopener\" target=\"_blank\"><br \/>\n\t\t\t\t\t\t\t\t\t\u2022 Beneficios do Ch\u00e1 de  Camomila para sa\u00fade<br \/>\n\t\t\t\t\t\t\t\t<\/a><\/p>\n<p>A capacidade da camomila de reduzir o estresse e facilitar o sono est\u00e1 bem documentada em diversos estudos cient\u00edficos. Segundo o Dr. Arias, incorpor\u00e1-la \u00e0 rotina noturna pode ser extremamente ben\u00e9fico para quem busca alternativas para dormir melhor.<\/p>\n<p>Desse modo, a efic\u00e1cia do ch\u00e1 se baseia em um composto natural que atua diretamente nos receptores cerebrais, induzindo o relaxamento de forma natural.\n\t\t\t<\/p>\n<p class=\"texto-continue listagem-detalhe\">Continua depois da publicidade<\/p>\n<p>Para apreciar plenamente seus efeitos, o especialista sugere manter o consumo por pelo menos duas semanas, enfatizando que uma \u00fanica dose \u00e9 insuficiente para gerar resultados duradouros. Acompanhe e descubra o que a ci\u00eancia diz sobre a camomila e como ela funciona no seu corpo.<\/p>\n<p>Veja tambem os benef\u00edcios <a href=\"https:\/\/www.diariodolitoral.com.br\/variedades\/saude\/cha-de-camomila-com-bicarbonato-de-sodio-os-beneficios-e-para-que\/201283\/\" rel=\"nofollow noopener\" target=\"_blank\">do ch\u00e1 de camomila com bicarbonato de s\u00f3dio e para que serve esta mistura.<\/a><\/p>\n<p>O papel fascinante da camomila\u00a0no sistema nervoso<\/p>\n<p>Afinal, <a href=\"https:\/\/www.diariodolitoral.com.br\/variedades\/beneficios-do-cha-de-camomila-para-saude\/90381\/\" rel=\"nofollow noopener\" target=\"_blank\">por que a camomila realmente funciona para a sa\u00fade? O segredo reside na apigenina<\/a>, um composto natural potente, um flavonoide que tamb\u00e9m se encontra na salsa e no aipo.\n\t\t\t<\/p>\n<p class=\"texto-continue listagem-detalhe\">Continua depois da publicidade<\/p>\n<p>Este componente atua nos receptores cerebrais, o que ajuda a induzir o relaxamento e, consequentemente, diminui os n\u00edveis de cortisol, o conhecido horm\u00f4nio do estresse. Al\u00e9m disso, a apigenina promove a produ\u00e7\u00e3o de melatonina, o horm\u00f4nio essencial que regula todo o ciclo do sono.<\/p>\n<p>Conforme explica o Dr. Arias, beber uma infus\u00e3o cerca de meia hora antes de dormir pode ser bastante \u00fatil, principalmente em casos de ansiedade ou ins\u00f4nia leve.<\/p>\n<p>Propriedades digestivas e o que os estudos cient\u00edficos mostram<\/p>\n<p>Al\u00e9m dos seus benef\u00edcios para o sono, a camomila tem sido empregada com sucesso no tratamento de dist\u00farbios digestivos, como c\u00f3licas em beb\u00eas ou epis\u00f3dios de diarreia infantil. Ensaios cl\u00ednicos demonstraram a sua efic\u00e1cia nesses contextos, superando, em alguns casos, o efeito placebo.\n\t\t\t<\/p>\n<p class=\"texto-continue listagem-detalhe\">Continua depois da publicidade<\/p>\n<p>Em uma revis\u00e3o publicada no peri\u00f3dico Molecular Medicine Reports em 2009, foi destacada a capacidade dos extratos de camomila de inibir o crescimento de c\u00e9lulas cancer\u00edgenas sem causar preju\u00edzo ao tecido saud\u00e1vel.<\/p>\n<p>A mesma revis\u00e3o ainda enfatiza o papel anti-inflamat\u00f3rio da melatonina, outra subst\u00e2ncia cuja produ\u00e7\u00e3o \u00e9 estimulada pela planta.<\/p>\n<p>Como incorporar a camomila na sua rotina di\u00e1ria<\/p>\n<p>Em um contexto em que mais e mais pessoas buscam solu\u00e7\u00f5es naturais, a camomila se consolida como uma op\u00e7\u00e3o confi\u00e1vel e com respaldo de pesquisas.\n\t\t\t<\/p>\n<p class=\"texto-continue listagem-detalhe\">Continua depois da publicidade<\/p>\n<p>Para obter os resultados desejados, o Dr. Arias recomenda o consumo di\u00e1rio de dois gramas de flores de camomila secas, especialmente para grupos como idosos, mulheres no p\u00f3s-parto ou pessoas sob altos n\u00edveis de estresse.<\/p>\n<p>\u00c9 crucial lembrar que o uso regular \u00e9 necess\u00e1rio para obter resultados, contrastando com a depend\u00eancia do uso excessivo de medicamentos. Desta forma, voc\u00ea garante uma solu\u00e7\u00e3o acess\u00edvel e eficaz, sem efeitos colaterais conhecidos.<\/p>\n","protected":false},"excerpt":{"rendered":"A busca por uma noite de sono reparadora \u00e9 constante, e muitas pessoas se voltam para solu\u00e7\u00f5es naturais,&hellip;\n","protected":false},"author":2,"featured_media":139675,"comment_status":"","ping_status":"","sticky":false,"template":"","format":"standard","meta":{"footnotes":""},"categories":[86],"tags":[538,3021,116,32,33,117],"class_list":{"0":"post-139674","1":"post","2":"type-post","3":"status-publish","4":"format-standard","5":"has-post-thumbnail","7":"category-saude","8":"tag-bem-estar","9":"tag-cha","10":"tag-health","11":"tag-portugal","12":"tag-pt","13":"tag-saude"},"share_on_mastodon":{"url":"https:\/\/pubeurope.com\/@pt\/115493154658081566","error":""},"_links":{"self":[{"href":"https:\/\/www.europesays.com\/pt\/wp-json\/wp\/v2\/posts\/139674","targetHints":{"allow":["GET"]}}],"collection":[{"href":"https:\/\/www.europesays.com\/pt\/wp-json\/wp\/v2\/posts"}],"about":[{"href":"https:\/\/www.europesays.com\/pt\/wp-json\/wp\/v2\/types\/post"}],"author":[{"embeddable":true,"href":"https:\/\/www.europesays.com\/pt\/wp-json\/wp\/v2\/users\/2"}],"replies":[{"embeddable":true,"href":"https:\/\/www.europesays.com\/pt\/wp-json\/wp\/v2\/comments?post=139674"}],"version-history":[{"count":0,"href":"https:\/\/www.europesays.com\/pt\/wp-json\/wp\/v2\/posts\/139674\/revisions"}],"wp:featuredmedia":[{"embeddable":true,"href":"https:\/\/www.europesays.com\/pt\/wp-json\/wp\/v2\/media\/139675"}],"wp:attachment":[{"href":"https:\/\/www.europesays.com\/pt\/wp-json\/wp\/v2\/media?parent=139674"}],"wp:term":[{"taxonomy":"category","embeddable":true,"href":"https:\/\/www.europesays.com\/pt\/wp-json\/wp\/v2\/categories?post=139674"},{"taxonomy":"post_tag","embeddable":true,"href":"https:\/\/www.europesays.com\/pt\/wp-json\/wp\/v2\/tags?post=139674"}],"curies":[{"name":"wp","href":"https:\/\/api.w.org\/{rel}","templated":true}]}}