{"id":139676,"date":"2025-11-04T19:47:08","date_gmt":"2025-11-04T19:47:08","guid":{"rendered":"https:\/\/www.europesays.com\/pt\/139676\/"},"modified":"2025-11-04T19:47:08","modified_gmt":"2025-11-04T19:47:08","slug":"carolina-deslandes-canta-para-o-filho-recem-nascido-e-encanta-redes-sociais","status":"publish","type":"post","link":"https:\/\/www.europesays.com\/pt\/139676\/","title":{"rendered":"Carolina Deslandes &#8220;canta&#8221; para o filho rec\u00e9m-nascido e encanta redes sociais"},"content":{"rendered":"<p>\t\t\t\t\t\t\t\t\t\t\t\t\t\tCarolina Deslandes foi m\u00e3e, do seu quarto filho, na passada quarta-feira, 29 de outubro, fruto da rela\u00e7\u00e3o com Lu\u00eds Delgado.<\/p>\n<p>O nascimento do pequeno Sabi, como \u00e9 carinhosamente tratado, trouxe uma nova luz \u00e0 vida do casal.<\/p>\n<p>Nesta ter\u00e7a-feira, 4 de outubro, Carolina Deslandes recorreu \u00e0s redes sociais para partilhar um novo v\u00eddeo do beb\u00e9.<\/p>\n<p>A cantar um tema de S\u00e9rgio Godinho, a cantora encantou os f\u00e3s e escreveu, na legenda: <strong>\u201cO primeiro dia \u2764\ufe0f\u201d.<\/strong><\/p>\n<p>Veja a publica\u00e7\u00e3o:<\/p>\n<blockquote class=\"instagram-media\" style=\"background: #FFF; border: 0; border-radius: 3px; box-shadow: 0 0 1px 0 rgba(0,0,0,0.5),0 1px 10px 0 rgba(0,0,0,0.15); margin: 1px; max-width: 540px; min-width: 326px; padding: 0; width: calc(100% - 2px);\" data-instgrm-captioned=\"\" data-instgrm-permalink=\"https:\/\/www.instagram.com\/reel\/DQpSkGjjAbu\/?utm_source=ig_embed&amp;utm_campaign=loading\" data-instgrm-version=\"14\">\n<\/blockquote>\n<p>\t\t\t\t\t\t\t\t\t\t\t\t\t\t\t\t\t\t\t\t\t\t\t\t\t\t\t<script async src=\"\/\/www.instagram.com\/embed.js\"><\/script><\/p>\n","protected":false},"excerpt":{"rendered":"Carolina Deslandes foi m\u00e3e, do seu quarto filho, na passada quarta-feira, 29 de outubro, fruto da rela\u00e7\u00e3o com&hellip;\n","protected":false},"author":2,"featured_media":139677,"comment_status":"","ping_status":"","sticky":false,"template":"","format":"standard","meta":{"footnotes":""},"categories":[85],"tags":[19182,114,115,31093,32,33],"class_list":{"0":"post-139676","1":"post","2":"type-post","3":"status-publish","4":"format-standard","5":"has-post-thumbnail","7":"category-entretenimento","8":"tag-carolina-deslandes","9":"tag-entertainment","10":"tag-entretenimento","11":"tag-filho-de-carolina-deslandes","12":"tag-portugal","13":"tag-pt"},"share_on_mastodon":{"url":"https:\/\/pubeurope.com\/@pt\/115493158609958982","error":""},"_links":{"self":[{"href":"https:\/\/www.europesays.com\/pt\/wp-json\/wp\/v2\/posts\/139676","targetHints":{"allow":["GET"]}}],"collection":[{"href":"https:\/\/www.europesays.com\/pt\/wp-json\/wp\/v2\/posts"}],"about":[{"href":"https:\/\/www.europesays.com\/pt\/wp-json\/wp\/v2\/types\/post"}],"author":[{"embeddable":true,"href":"https:\/\/www.europesays.com\/pt\/wp-json\/wp\/v2\/users\/2"}],"replies":[{"embeddable":true,"href":"https:\/\/www.europesays.com\/pt\/wp-json\/wp\/v2\/comments?post=139676"}],"version-history":[{"count":0,"href":"https:\/\/www.europesays.com\/pt\/wp-json\/wp\/v2\/posts\/139676\/revisions"}],"wp:featuredmedia":[{"embeddable":true,"href":"https:\/\/www.europesays.com\/pt\/wp-json\/wp\/v2\/media\/139677"}],"wp:attachment":[{"href":"https:\/\/www.europesays.com\/pt\/wp-json\/wp\/v2\/media?parent=139676"}],"wp:term":[{"taxonomy":"category","embeddable":true,"href":"https:\/\/www.europesays.com\/pt\/wp-json\/wp\/v2\/categories?post=139676"},{"taxonomy":"post_tag","embeddable":true,"href":"https:\/\/www.europesays.com\/pt\/wp-json\/wp\/v2\/tags?post=139676"}],"curies":[{"name":"wp","href":"https:\/\/api.w.org\/{rel}","templated":true}]}}