{"id":139696,"date":"2025-11-04T20:04:21","date_gmt":"2025-11-04T20:04:21","guid":{"rendered":"https:\/\/www.europesays.com\/pt\/139696\/"},"modified":"2025-11-04T20:04:21","modified_gmt":"2025-11-04T20:04:21","slug":"conde-nast-johansens-ha-sete-hoteis-portugueses-entre-os-melhores-da-europa-luxo","status":"publish","type":"post","link":"https:\/\/www.europesays.com\/pt\/139696\/","title":{"rendered":"Cond\u00e9 Nast Johansens: h\u00e1 sete hot\u00e9is portugueses entre os melhores da Europa | Luxo"},"content":{"rendered":"<p>Na j\u00e1 tradicional gala anual dos Pr\u00e9mios de Excel\u00eancia Cond\u00e9 Nast Johansens, realizada na noite desta segunda-feira em Londres, brilharam sete estrelas portuguesas da hotelaria, todas elas parte do universo do luxo nacional.<\/p>\n<p>Entre os melhores da regi\u00e3o Europa e Mediterr\u00e2neo, destaca-se o pr\u00e9mio de melhor novo hotel, que foi entregue ao <a href=\"https:\/\/www.publico.pt\/2024\/10\/20\/fugas\/reportagem\/altis-porto-hotel-busca-segredo-longevidade-2107931\" rel=\"nofollow noopener\" target=\"_blank\">Altis Porto, que abriu portas no Ver\u00e3o<\/a> de 2024, marcando a estreia da chancela a Norte \u2014 e a paredes meias com os jardins do Pal\u00e1cio de Cristal.<\/p>\n<p>Outro pr\u00e9mio similar ficou tamb\u00e9m em m\u00e3os vizinhas: o pr\u00e9mio de melhor hotel urbano distinguiu <a href=\"https:\/\/www.publico.pt\/2023\/12\/15\/fugas\/reportagem\/the-rebello-sao-103-apartamentos-provavelmente-melhor-vista-porto-gaia-2073200\" rel=\"nofollow noopener\" target=\"_blank\">The<\/a><a href=\"https:\/\/www.publico.pt\/2023\/12\/15\/fugas\/reportagem\/the-rebello-sao-103-apartamentos-provavelmente-melhor-vista-porto-gaia-2073200\" rel=\"nofollow noopener\" target=\"_blank\"> Rebello, em Gaia<\/a>, hotel distribu\u00eddo por quatro edif\u00edcios industriais do s\u00e9culo XIX, boas vistas garantidas.<\/p>\n<p>Ainda a Norte, pr\u00e9mio de melhor restaurante para o Largo do Pa\u00e7o, da ic\u00f3nica Casa da Cal\u00e7ada. Ap\u00f3s dois anos de obras profundas, o hotel <a href=\"https:\/\/www.publico.pt\/2025\/08\/15\/fugas\/reportagem\/dois-anos-casa-calcada-renasceu-charme-discreto-2141535\" rel=\"nofollow noopener\" target=\"_blank\">reabriu na Primavera<\/a> e o restaurante, habituado a distin\u00e7\u00f5es como as estrelas Michelin, \u00e9 chefiado por Francisco Quintas.<\/p>\n<p>                &#13;<br \/>\n                    &#13;<br \/>\n                    &#13;<br \/>\n                        O jovem chef Francisco Quintas, do Largo do Pa\u00e7o, ambiciona nova estrela Michelin, mas entretanto tem o pr\u00e9mio da CNJ para melhor restaurante &#13;<br \/>\nJORGE FERREIRA                    &#13;<\/p>\n<p>Outros pr\u00e9mios de nicho foram ainda distribu\u00eddos por Cascais (<a href=\"https:\/\/fugas.publico.pt\/hoteis\/190757_grande-real-villa-italia-hotel-spa?pagina=1\" rel=\"nofollow noopener\" target=\"_blank\">Grand Real Villa It\u00e1lia<\/a>, o melhor para confer\u00eancias e eventos) e Madeira (Quinta da Casa Branca, melhor experi\u00eancia imersiva).<\/p>\n<p>Outros dois pr\u00e9mios de excel\u00eancia voaram para o Alentejo: o <a href=\"https:\/\/www.publico.pt\/2025\/06\/14\/fugas\/noticia\/montemoronovo-nasceu-aldeia-hotel-onde-cidade-campo-encontram-2133367\" rel=\"nofollow noopener\" target=\"_blank\">Gandum Village, de Montemor-o-Novo<\/a> recebeu o pr\u00e9mio de pr\u00e1ticas verdes e sustentabilidade e o <a href=\"https:\/\/www.publico.pt\/2015\/09\/29\/p3\/fotogaleria\/sobreiras-o-novo-refugio-do-litoral-alentejano-385309\" rel=\"nofollow noopener\" target=\"_blank\">Sobreiras de Gr\u00e2ndola<\/a> destaca-se como \u201camigo dos animais\u201d (pet friendly).<\/p>\n<p>Entre os v\u00e1rios premiados pela Europa e Mediterr\u00e2neo na gala, que decorreu no hotel londrino Kimpton Fitzroy, o guia Cond\u00e9 Nast Johansens (que pertence \u00e0 editora de revistas como Vogue, GQ, Tatler, Cond\u00e9 Nast Traveller e Vanity Fair), encontram-se ainda, entre outros, o Bah\u00eda del Duque de Tenerife (pr\u00e9mio dos leitores), Al Molo Cinque (Lago Como, It\u00e1lia \u2014 o mais rom\u00e2ntico) ou o Vila Sparina Resort (Piemonte, It\u00e1lia, melhor experi\u00eancia de jantar).<\/p>\n<p>                &#13;<br \/>\n                    &#13;<br \/>\n                    &#13;<br \/>\n                        A capa do novo guia&#13;<br \/>\ndr                    &#13;<\/p>\n<p>Segundo a organiza\u00e7\u00e3o dos pr\u00e9mios, os vencedores s\u00e3o apurados \u201ccombinando a vota\u00e7\u00e3o online, os coment\u00e1rios dos h\u00f3spedes e as avalia\u00e7\u00f5es realizadas pela equipa de Local Experts [os especialistas locais da CNJ] durante este \u00faltimo ano\u201d.<\/p>\n<p>O evento serviu tamb\u00e9m para marcar o lan\u00e7amento oficial da nova edi\u00e7\u00e3o do guia: Cond\u00e9 Nast Johansens Luxury Hotels 2026 destaca todas as unidades premiadas e n\u00e3o s\u00f3; no total s\u00e3o \u201c183 propriedades de luxo em 40 destinos\u201d.<\/p>\n<p>No site oficial, est\u00e1 dispon\u00edvel a <a href=\"https:\/\/www.johansens.com\/award-winners-hub\/awards-for-excellence-2026-winners-uk-europe-the-mediterranean\/\" target=\"_blank\" rel=\"nofollow noopener\">lista <\/a>completa de vencedores dos pr\u00e9mios.<\/p>\n","protected":false},"excerpt":{"rendered":"Na j\u00e1 tradicional gala anual dos Pr\u00e9mios de Excel\u00eancia Cond\u00e9 Nast Johansens, realizada na noite desta segunda-feira em&hellip;\n","protected":false},"author":2,"featured_media":139697,"comment_status":"","ping_status":"","sticky":false,"template":"","format":"standard","meta":{"footnotes":""},"categories":[50],"tags":[27,28,15,16,287,14,6395,25,26,8759,21,22,62,12,13,19,20,542,16818,23,24,17,18,1456,29,30,31,63,64,65],"class_list":{"0":"post-139696","1":"post","2":"type-post","3":"status-publish","4":"format-standard","5":"has-post-thumbnail","7":"category-mundo","8":"tag-breaking-news","9":"tag-breakingnews","10":"tag-featured-news","11":"tag-featurednews","12":"tag-fugas","13":"tag-headlines","14":"tag-hoteis","15":"tag-latest-news","16":"tag-latestnews","17":"tag-luxo","18":"tag-main-news","19":"tag-mainnews","20":"tag-mundo","21":"tag-news","22":"tag-noticias","23":"tag-noticias-principais","24":"tag-noticiasprincipais","25":"tag-para-redes","26":"tag-premios","27":"tag-principais-noticias","28":"tag-principaisnoticias","29":"tag-top-stories","30":"tag-topstories","31":"tag-turismo","32":"tag-ultimas","33":"tag-ultimas-noticias","34":"tag-ultimasnoticias","35":"tag-world","36":"tag-world-news","37":"tag-worldnews"},"share_on_mastodon":{"url":"https:\/\/pubeurope.com\/@pt\/115493225484824531","error":""},"_links":{"self":[{"href":"https:\/\/www.europesays.com\/pt\/wp-json\/wp\/v2\/posts\/139696","targetHints":{"allow":["GET"]}}],"collection":[{"href":"https:\/\/www.europesays.com\/pt\/wp-json\/wp\/v2\/posts"}],"about":[{"href":"https:\/\/www.europesays.com\/pt\/wp-json\/wp\/v2\/types\/post"}],"author":[{"embeddable":true,"href":"https:\/\/www.europesays.com\/pt\/wp-json\/wp\/v2\/users\/2"}],"replies":[{"embeddable":true,"href":"https:\/\/www.europesays.com\/pt\/wp-json\/wp\/v2\/comments?post=139696"}],"version-history":[{"count":0,"href":"https:\/\/www.europesays.com\/pt\/wp-json\/wp\/v2\/posts\/139696\/revisions"}],"wp:featuredmedia":[{"embeddable":true,"href":"https:\/\/www.europesays.com\/pt\/wp-json\/wp\/v2\/media\/139697"}],"wp:attachment":[{"href":"https:\/\/www.europesays.com\/pt\/wp-json\/wp\/v2\/media?parent=139696"}],"wp:term":[{"taxonomy":"category","embeddable":true,"href":"https:\/\/www.europesays.com\/pt\/wp-json\/wp\/v2\/categories?post=139696"},{"taxonomy":"post_tag","embeddable":true,"href":"https:\/\/www.europesays.com\/pt\/wp-json\/wp\/v2\/tags?post=139696"}],"curies":[{"name":"wp","href":"https:\/\/api.w.org\/{rel}","templated":true}]}}