{"id":139716,"date":"2025-11-04T20:28:10","date_gmt":"2025-11-04T20:28:10","guid":{"rendered":"https:\/\/www.europesays.com\/pt\/139716\/"},"modified":"2025-11-04T20:28:10","modified_gmt":"2025-11-04T20:28:10","slug":"o-inesperado-acontece-joana-diniz-liga-em-direto-e-conta-tudo-sobre-a-relacao-com-joao-ricardo-secret-story","status":"publish","type":"post","link":"https:\/\/www.europesays.com\/pt\/139716\/","title":{"rendered":"O inesperado acontece: Joana Diniz liga em direto e conta tudo sobre a rela\u00e7\u00e3o com Jo\u00e3o Ricardo &#8211; Secret Story"},"content":{"rendered":"<p data-end=\"859\" data-start=\"483\">Durante a sua passagem pelo <a href=\"https:\/\/tvi.iol.pt\/doisas10\/\" target=\"_blank\" rel=\"nofollow noopener\"><strong>Dois \u00e0s 10<\/strong><\/a>, onde partilhou o seu novo estilo de vida focado na prepara\u00e7\u00e3o para o \u00abIronman\u00bb, <strong>Jo\u00e3o Ricardo<\/strong> recebeu mais do que perguntas sobre treino, disciplina e supera\u00e7\u00e3o. Cristina Ferreira e Cl\u00e1udio Ramos quiseram esclarecer outro assunto que tem gerado curiosidade: <strong>a sua liga\u00e7\u00e3o a Joana Diniz, com quem conviveu no <a href=\"https:\/\/tvi.iol.pt\/secretstory\/\" target=\"_blank\" rel=\"nofollow noopener\">Secret Story &#8211; Desafio Final<\/a><\/strong>.<\/p>\n<p data-end=\"1125\" data-start=\"861\">Questionado sobre se existe um namoro, se j\u00e1 houve interesse amoroso ou se os dois chegaram a \u00abcurtir\u00bb, Jo\u00e3o Ricardo negou qualquer envolvimento rom\u00e2ntico. Mas o momento inesperado da manh\u00e3 surgiu logo a seguir: <strong>Joana Diniz telefonou-lhe em direto para o programa<\/strong>.<\/p>\n<p data-end=\"1448\" data-start=\"1127\">Aproveitando a oportunidade, Cl\u00e1udio Ramos n\u00e3o perdeu tempo e lan\u00e7ou a pergunta frontalmente: <strong>\u00abTens alguma coisa com o Jo\u00e3o Ricardo?\u00bb<\/strong> Do outro lado da linha, Joana respondeu num tom divertido e carregado de ironia: <strong>\u00abTenho uma rela\u00e7\u00e3o muito intensa (&#8230;) sou completamente apaixonada pelo meu amigo (&#8230;) curtimos muitas vezes\u00bb<\/strong>.<\/p>\n<p data-end=\"1751\" data-start=\"1450\">A interven\u00e7\u00e3o arrancou gargalhadas em est\u00fadio. Joana, conhecida pelo seu sentido de humor, manteve o tom descontra\u00eddo, tornando o momento um dos mais inesperados e comentados da manh\u00e3.<\/p>\n<p>Veja o momento aqui: <\/p>\n","protected":false},"excerpt":{"rendered":"Durante a sua passagem pelo Dois \u00e0s 10, onde partilhou o seu novo estilo de vida focado na&hellip;\n","protected":false},"author":2,"featured_media":139717,"comment_status":"","ping_status":"","sticky":false,"template":"","format":"standard","meta":{"footnotes":""},"categories":[142],"tags":[18706,114,115,18705,3213,1829,32,33,151,18704],"class_list":{"0":"post-139716","1":"post","2":"type-post","3":"status-publish","4":"format-standard","5":"has-post-thumbnail","7":"category-tv","8":"tag-bastidores-secret-story","9":"tag-entertainment","10":"tag-entretenimento","11":"tag-entrevistas-concorrentes-tvi","12":"tag-joana-diniz","13":"tag-joao-ricardo","14":"tag-portugal","15":"tag-pt","16":"tag-tv","17":"tag-vida-fora-da-casa"},"share_on_mastodon":{"url":"https:\/\/pubeurope.com\/@pt\/115493319636872840","error":""},"_links":{"self":[{"href":"https:\/\/www.europesays.com\/pt\/wp-json\/wp\/v2\/posts\/139716","targetHints":{"allow":["GET"]}}],"collection":[{"href":"https:\/\/www.europesays.com\/pt\/wp-json\/wp\/v2\/posts"}],"about":[{"href":"https:\/\/www.europesays.com\/pt\/wp-json\/wp\/v2\/types\/post"}],"author":[{"embeddable":true,"href":"https:\/\/www.europesays.com\/pt\/wp-json\/wp\/v2\/users\/2"}],"replies":[{"embeddable":true,"href":"https:\/\/www.europesays.com\/pt\/wp-json\/wp\/v2\/comments?post=139716"}],"version-history":[{"count":0,"href":"https:\/\/www.europesays.com\/pt\/wp-json\/wp\/v2\/posts\/139716\/revisions"}],"wp:featuredmedia":[{"embeddable":true,"href":"https:\/\/www.europesays.com\/pt\/wp-json\/wp\/v2\/media\/139717"}],"wp:attachment":[{"href":"https:\/\/www.europesays.com\/pt\/wp-json\/wp\/v2\/media?parent=139716"}],"wp:term":[{"taxonomy":"category","embeddable":true,"href":"https:\/\/www.europesays.com\/pt\/wp-json\/wp\/v2\/categories?post=139716"},{"taxonomy":"post_tag","embeddable":true,"href":"https:\/\/www.europesays.com\/pt\/wp-json\/wp\/v2\/tags?post=139716"}],"curies":[{"name":"wp","href":"https:\/\/api.w.org\/{rel}","templated":true}]}}