{"id":139718,"date":"2025-11-04T20:31:09","date_gmt":"2025-11-04T20:31:09","guid":{"rendered":"https:\/\/www.europesays.com\/pt\/139718\/"},"modified":"2025-11-04T20:31:09","modified_gmt":"2025-11-04T20:31:09","slug":"perguntaram-a-ronaldo-qual-e-a-coisa-mais-cara-que-comprou-custou-65-milhoes-de-euros","status":"publish","type":"post","link":"https:\/\/www.europesays.com\/pt\/139718\/","title":{"rendered":"Perguntaram a Ronaldo qual \u00e9 a coisa mais cara que comprou. Custou 65 milh\u00f5es de euros"},"content":{"rendered":"<p>\t                Agora bilion\u00e1rio, Ronaldo afirma assim: &#8220;Eu conhe\u00e7o o meu dinheiro. N\u00e3o com uma precis\u00e3o de 100%, mas eu tomo conta das minhas coisas&#8221;. E revela que tem &#8220;uma pessoa&#8221; respons\u00e1vel pela gest\u00e3o da fortuna<\/p>\n<p>\u00c9 o primeiro e \u00fanico bilion\u00e1rio cuja fortuna tem origem no mundo do futebol. Numa entrevista exclusiva ao jornalista brit\u00e2nico Piers Morgan, transmitida no Youtube, Cristiano Ronaldo revela que sempre teve a meta de ser bilion\u00e1rio, que chegou mais cedo do que pensava a esse des\u00edgnio e desvenda como faz a gest\u00e3o dos seus investimentos e do patrim\u00f3nio.\u00a0<\/p>\n<p>&#8220;Eu sabia que isto ia acontecer, por isso eu estava preparado. Era uma quest\u00e3o de tempo. Honestamente, fiquei superfeliz. \u00c9 como ganhar uma bola de ouro, porque n\u00f3s criamos os nossos pr\u00f3prios objetivos. H\u00e1 quem crie o objetivo de construir uma casa, de comprar um carro. Era o meu objetivo atingir esse n\u00famero, honestamente&#8221;, revela o internacional portugu\u00eas.<\/p>\n<p>Cristiano Ronaldo afirma que n\u00e3o vive &#8220;obcecado pelo dinheiro&#8221;, sublinhando que, apesar de &#8220;o dinheiro poder ajudar de muitas formas&#8221;, quando se atinge um certo n\u00edvel este &#8220;deixa de importar&#8221;. &#8220;Mas \u00e9 sempre bom ter mais porque somos humanos e nunca estamos feliz com o que temos. As finan\u00e7as s\u00e3o importantes, o dinheiro \u00e9 importante, mas outras coisas s\u00e3o mais importantes que isso.&#8221;<\/p>\n<p>Questionado por Piers Morgan sobre como foi o momento em que descobriu que a sua fortuna tinha superado os mil milh\u00f5es, na semana passada, Cristiano Ronaldo respondeu com humor, sugerindo que a data n\u00e3o \u00e9 precisa. &#8220;N\u00e3o \u00e9 verdade, eu sou bilion\u00e1rio h\u00e1 muitos anos&#8221;, diz, entre gargalhadas.<\/p>\n<p>&#8220;Eu fiquei superfeliz porque era um dos principais objetivos que tinha em mente, \u00e0 parte do futebol. Atingi esse n\u00famero e fiquei t\u00e3o orgulhoso. \u00c9 mais um recorde. Eu sabia o meu potencial no futebol e sabia o meu potencial fora do futebol. Eu sabia que ia atingir esse n\u00famero, por muitas raz\u00f5es&#8221;, afirma o internacional portugu\u00eas, que atua no Al-Nassr.<\/p>\n<p>Cristiano Ronaldo levantou um pouco o v\u00e9u sobre como funciona a sua rela\u00e7\u00e3o com os seus investimentos. O atleta explicou que \u00e9 uma pessoa atenta ao seu patrim\u00f3nio, falando quase diariamente com uma pessoa que \u00e9 respons\u00e1vel pela gest\u00e3o do seu dinheiro, dos seus investimentos e de poss\u00edveis oportunidades que possam valer o investimento de Ronaldo.\u00a0<\/p>\n<p>&#8220;Eu conhe\u00e7o o meu dinheiro. N\u00e3o com uma precis\u00e3o de 100%, mas eu tomo conta das minhas coisas. \u00c9 normal. Eu tenho pessoas \u00e0 minha volta que me ajudam a fazer as coisas certas em v\u00e1rias as \u00e1reas. Mas financeiramente tenho uma pessoa com quem falo quase todos os dias acerca da minha estrutura, dos investimentos e das oportunidades. Eu tenho controlo, porque \u00e9 a minha vida e \u00e9 o meu dinheiro.&#8221;<\/p>\n<p>Embora Cristiano Ronaldo soubesse que tinha o potencial para atingir este marco financeiro, admite que a velocidade com que o alcan\u00e7ou o surpreendeu. &#8220;Se me perguntassem se achava que o ia atingir t\u00e3o depressa, talvez dissesse que n\u00e3o. Mas sabia que o ia atingir e foi bom.&#8221;<\/p>\n<p>Este n\u00edvel de riqueza permite aquisi\u00e7\u00f5es de luxo que poucos podem sonhar. Quando Piers Morgan o questionou sobre a coisa mais cara que alguma vez comprou, o atleta hesitou, pensou profundamente e chegou \u00e0 resposta. \u00c9 o seu mais recente avi\u00e3o privado, um Gulfstream G650 &#8211; Ronaldo n\u00e3o revelou o valor mas uma pesquisa da CNN Portugal colocam em cerca de 65 milh\u00f5es de euros o custo deste modelo.<\/p>\n<p>No entanto, Ronaldo fez quest\u00e3o de contextualizar esta compra. &#8220;Tenho um avi\u00e3o desde os 30 anos. Por isso j\u00e1 tenho avi\u00e3o privado h\u00e1 dez anos, mas mudei para um melhor agora.&#8221; O internacional portugu\u00eas v\u00ea agora as &#8220;coisas materiais&#8221; de forma diferente. &#8220;Estou num momento da minha vida em que n\u00e3o quero saber disso.&#8221;<\/p>\n<p>Essa nova perspetiva aplica-se tamb\u00e9m a paix\u00f5es antigas. &#8220;Quando eu tinha 20 e 30, eu costumava adorar carros. J\u00e1 n\u00e3o tenho essa paix\u00e3o.&#8221; Hoje, o avi\u00e3o de luxo \u00e9 visto menos como um capricho e mais como uma necessidade log\u00edstica imposta pela sua fama global. &#8220;Avi\u00f5es eu tenho porque preciso, porque n\u00e3o sou uma pessoa normal e n\u00e3o posso estar num aeroporto.&#8221;<\/p>\n<p>Olhando para o futuro, o foco de Cristiano Ronaldo parece estar al\u00e9m dos bens materiais, apontando para uma nova fase de vida mais focada noutras prioridades. &#8220;Quero viver o pr\u00f3ximo cap\u00edtulo da minha vida sem custos caros. Os meus sonhos j\u00e1 passaram.&#8221;<\/p>\n","protected":false},"excerpt":{"rendered":"Agora bilion\u00e1rio, Ronaldo afirma assim: &#8220;Eu conhe\u00e7o o meu dinheiro. N\u00e3o com uma precis\u00e3o de 100%, mas eu&hellip;\n","protected":false},"author":2,"featured_media":139719,"comment_status":"","ping_status":"","sticky":false,"template":"","format":"standard","meta":{"footnotes":""},"categories":[87],"tags":[609,836,611,14720,27,607,608,333,832,604,667,135,610,476,20460,9855,301,830,31099,603,570,831,833,62,834,13,835,602,52,32,33,134,29],"class_list":{"0":"post-139718","1":"post","2":"type-post","3":"status-publish","4":"format-standard","5":"has-post-thumbnail","7":"category-desporto","8":"tag-alerta","9":"tag-analise","10":"tag-ao-minuto","11":"tag-bilionario","12":"tag-breaking-news","13":"tag-cnn","14":"tag-cnn-portugal","15":"tag-comentadores","16":"tag-costa","17":"tag-crime","18":"tag-cristiano-ronaldo","19":"tag-desporto","20":"tag-direto","21":"tag-economia","22":"tag-fortuna","23":"tag-gestao","24":"tag-governo","25":"tag-guerra","26":"tag-imperio","27":"tag-justica","28":"tag-live","29":"tag-mais-vistas","30":"tag-marcelo","31":"tag-mundo","32":"tag-negocios","33":"tag-noticias","34":"tag-opiniao","35":"tag-pais","36":"tag-politica","37":"tag-portugal","38":"tag-pt","39":"tag-sports","40":"tag-ultimas"},"share_on_mastodon":{"url":"https:\/\/pubeurope.com\/@pt\/115493331559888298","error":""},"_links":{"self":[{"href":"https:\/\/www.europesays.com\/pt\/wp-json\/wp\/v2\/posts\/139718","targetHints":{"allow":["GET"]}}],"collection":[{"href":"https:\/\/www.europesays.com\/pt\/wp-json\/wp\/v2\/posts"}],"about":[{"href":"https:\/\/www.europesays.com\/pt\/wp-json\/wp\/v2\/types\/post"}],"author":[{"embeddable":true,"href":"https:\/\/www.europesays.com\/pt\/wp-json\/wp\/v2\/users\/2"}],"replies":[{"embeddable":true,"href":"https:\/\/www.europesays.com\/pt\/wp-json\/wp\/v2\/comments?post=139718"}],"version-history":[{"count":0,"href":"https:\/\/www.europesays.com\/pt\/wp-json\/wp\/v2\/posts\/139718\/revisions"}],"wp:featuredmedia":[{"embeddable":true,"href":"https:\/\/www.europesays.com\/pt\/wp-json\/wp\/v2\/media\/139719"}],"wp:attachment":[{"href":"https:\/\/www.europesays.com\/pt\/wp-json\/wp\/v2\/media?parent=139718"}],"wp:term":[{"taxonomy":"category","embeddable":true,"href":"https:\/\/www.europesays.com\/pt\/wp-json\/wp\/v2\/categories?post=139718"},{"taxonomy":"post_tag","embeddable":true,"href":"https:\/\/www.europesays.com\/pt\/wp-json\/wp\/v2\/tags?post=139718"}],"curies":[{"name":"wp","href":"https:\/\/api.w.org\/{rel}","templated":true}]}}