{"id":139722,"date":"2025-11-04T20:33:10","date_gmt":"2025-11-04T20:33:10","guid":{"rendered":"https:\/\/www.europesays.com\/pt\/139722\/"},"modified":"2025-11-04T20:33:10","modified_gmt":"2025-11-04T20:33:10","slug":"fernando-mendes-chora-a-morte-do-amigo-e-agente-paulo-martins","status":"publish","type":"post","link":"https:\/\/www.europesays.com\/pt\/139722\/","title":{"rendered":"Fernando Mendes chora a morte do amigo e agente Paulo Martins"},"content":{"rendered":"<p data-remotead-prev-elm=\"true\" data-remotead-elm-id=\"inread\">Fernando Mendes atravessa um dos momentos mais dif\u00edceis da sua vida. O apresentador de &#8220;O Pre\u00e7o Certo&#8221;, da RTP, chora a morte de Paulo Martins, o seu agente e um dos seus melhores amigos, que morreu de forma inesperada. A not\u00edcia foi avan\u00e7ada nas redes sociais pelo ator Frederico Amaral, que expressou o seu pesar com uma mensagem emocionada.<\/p>\n<p>&#8220;\u00c9 com grande tristeza que te vemos partir, amigo Paulo Martins. Um grande ser humano, um grande amigo sempre pronto a ajudar, um grande produtor de todas as frentes! Guardo na mem\u00f3ria os bons tempos que pass\u00e1mos a correr o pa\u00eds e al\u00e9m-fronteiras a fazermos o que mais gostamos, teatro&#8221;, escreveu o ator no Instagram.<\/p>\n<p>Frederico Amaral recordou ainda o profissionalismo e a generosidade de Paulo Martins, que acompanhou in\u00fameras produ\u00e7\u00f5es e artistas ao longo de d\u00e9cadas de carreira. &#8220;Um abra\u00e7o sentido \u00e0 sua fam\u00edlia, filho e amigos por esta perda irrepar\u00e1vel. Um especial a ti, Marta Ribeiro Quelhas (produtora e m\u00e3e do filho de Paulo Martins), e a ti, Fernando Mendes. A vida \u00e9 mesmo um sopro&#8230; aproveitemos com alegria cada segundo desta fr\u00e1gil viagem. At\u00e9 sempre, Paulinho&#8221;, conclui.<\/p>\n<p data-remotead-prev-elm=\"true\" data-remotead-elm-id=\"centro1\">Jos\u00e9 Raposo foi um dos primeiros a reagir, comentando: &#8220;Que trist\u00edssima not\u00edcia!!!!&#8221;. Frederico Amaral respondeu-lhe com um simples &#8220;Mesmo, Z\u00e9&#8230;!&#8221;, acompanhado de um emoji triste.<\/p>\n<p>Outros seguidores juntaram-se \u00e0 onda de pesar com mensagens curtas, como &#8220;Que descanse em paz&#8221; e s\u00edmbolos de ora\u00e7\u00e3o e luto.<\/p>\n<p>A morte de Paulo Martins comoveu o meio art\u00edstico portugu\u00eas. Para al\u00e9m de agente e produtor, era uma figura muito acarinhada entre os profissionais do teatro e da televis\u00e3o, tendo trabalhado ao lado de nomes conhecidos ao longo da sua carreira.<\/p>\n<p>Fernando Mendes ainda n\u00e3o se pronunciou publicamente, mas a liga\u00e7\u00e3o pr\u00f3xima entre ambos \u00e9 amplamente reconhecida no mundo do espet\u00e1culo.<\/p>\n","protected":false},"excerpt":{"rendered":"Fernando Mendes atravessa um dos momentos mais dif\u00edceis da sua vida. O apresentador de &#8220;O Pre\u00e7o Certo&#8221;, da&hellip;\n","protected":false},"author":2,"featured_media":139723,"comment_status":"","ping_status":"","sticky":false,"template":"","format":"standard","meta":{"footnotes":""},"categories":[85],"tags":[31100,114,115,31043,1339,1437,31067,712,32,614,33],"class_list":{"0":"post-139722","1":"post","2":"type-post","3":"status-publish","4":"format-standard","5":"has-post-thumbnail","7":"category-entretenimento","8":"tag-agente","9":"tag-entertainment","10":"tag-entretenimento","11":"tag-fernando-mendes","12":"tag-luto","13":"tag-morte","14":"tag-paulo-martins","15":"tag-pessoas","16":"tag-portugal","17":"tag-produtor","18":"tag-pt"},"share_on_mastodon":{"url":"https:\/\/pubeurope.com\/@pt\/115493339304893540","error":""},"_links":{"self":[{"href":"https:\/\/www.europesays.com\/pt\/wp-json\/wp\/v2\/posts\/139722","targetHints":{"allow":["GET"]}}],"collection":[{"href":"https:\/\/www.europesays.com\/pt\/wp-json\/wp\/v2\/posts"}],"about":[{"href":"https:\/\/www.europesays.com\/pt\/wp-json\/wp\/v2\/types\/post"}],"author":[{"embeddable":true,"href":"https:\/\/www.europesays.com\/pt\/wp-json\/wp\/v2\/users\/2"}],"replies":[{"embeddable":true,"href":"https:\/\/www.europesays.com\/pt\/wp-json\/wp\/v2\/comments?post=139722"}],"version-history":[{"count":0,"href":"https:\/\/www.europesays.com\/pt\/wp-json\/wp\/v2\/posts\/139722\/revisions"}],"wp:featuredmedia":[{"embeddable":true,"href":"https:\/\/www.europesays.com\/pt\/wp-json\/wp\/v2\/media\/139723"}],"wp:attachment":[{"href":"https:\/\/www.europesays.com\/pt\/wp-json\/wp\/v2\/media?parent=139722"}],"wp:term":[{"taxonomy":"category","embeddable":true,"href":"https:\/\/www.europesays.com\/pt\/wp-json\/wp\/v2\/categories?post=139722"},{"taxonomy":"post_tag","embeddable":true,"href":"https:\/\/www.europesays.com\/pt\/wp-json\/wp\/v2\/tags?post=139722"}],"curies":[{"name":"wp","href":"https:\/\/api.w.org\/{rel}","templated":true}]}}