{"id":139739,"date":"2025-11-04T20:50:30","date_gmt":"2025-11-04T20:50:30","guid":{"rendered":"https:\/\/www.europesays.com\/pt\/139739\/"},"modified":"2025-11-04T20:50:30","modified_gmt":"2025-11-04T20:50:30","slug":"morreu-operario-soterrado-por-torre-medieval-que-desabou-em-roma","status":"publish","type":"post","link":"https:\/\/www.europesays.com\/pt\/139739\/","title":{"rendered":"Morreu oper\u00e1rio soterrado por torre medieval que desabou em Roma"},"content":{"rendered":"<p data-remotead-prev-elm=\"true\" data-remotead-elm-id=\"inread\">Uma parte da fachada da Torre dei Conti, na popular zona tur\u00edstica dos f\u00f3runs imperiais e do Coliseu, colapsou na segunda-feira de manh\u00e3, lan\u00e7ando destro\u00e7os para a rua e uma nuvem de poeira para o ar.<\/p>\n<p>Tr\u00eas trabalhadores foram retirados, um deles com um ferimento na cabe\u00e7a, de acordo dados avan\u00e7ados por um porta-voz dos bombeiros \u00e0 ag\u00eancia France-Presse (AFP). Um oper\u00e1rio ficou preso quando outra parte da torre, com cerca de 30 metros de altura, colapsou duas horas depois.<\/p>\n<blockquote data-type=\"articles\" data-id=\"related-article-18015715\"><p>\n              <strong>Leia tamb\u00e9m <\/strong><br \/>\n              <a href=\"https:\/\/www.jn.pt\/mundo\/artigo\/parte-de-torre-medieval-desaba-em-roma-e-deixa-operario-preso-nos-ombros\/18015715\" rel=\"nofollow noopener\" target=\"_blank\">Parte de torre medieval desaba em Roma e deixa oper\u00e1rio preso nos escombros<\/a>\n            <\/p><\/blockquote>\n<p data-remotead-prev-elm=\"true\" data-remotead-elm-id=\"centro1\">Os bombeiros conseguiram, no entanto, &#8220;montar uma barreira de prote\u00e7\u00e3o&#8221; em redor do homem, segundo o prefeito de Roma, Lamberto Giannini.<\/p>\n<p>Octay Stroici, de 66 anos, cidad\u00e3o romeno, <strong>manteve-se consciente durante o resgate<\/strong>, informou o Minist\u00e9rio dos Neg\u00f3cios Estrangeiros da Rom\u00e9nia.<\/p>\n<p>Os bombeiros de Roma conseguiram retir\u00e1-lo dos escombros ao final da noite de segunda-feira, depois de ter estado preso durante mais de 11 horas.<\/p>\n<p data-remotead-prev-elm=\"true\" data-remotead-elm-id=\"centro2\">Foi colocado em suporte de vida antes de ser levado de ambul\u00e2ncia. Chegou ao hospital em paragem cardiorrespirat\u00f3ria, situa\u00e7\u00e3o que n\u00e3o foi revertida, apesar das tentativas de reanima\u00e7\u00e3o, informou o Hospital Umberto I \u00e0 ag\u00eancia de not\u00edcias italiana Ansa.<\/p>\n<p>O presidente da regi\u00e3o do L\u00e1cio, Francesco Rocca, expressou as suas condol\u00eancias. &#8220;Octay Stroici n\u00e3o sobreviveu, apesar dos esfor\u00e7os extraordin\u00e1rios dos socorristas (&#8230;) Ningu\u00e9m pode e deve morrer no trabalho&#8221;, escreveu Rocca na rede social Facebook.<\/p>\n<p>Os desabamentos de segunda-feira afetaram um contraforte e parte da base da torre, al\u00e9m de parte da escadaria, informou a Dire\u00e7\u00e3o do Patrim\u00f3nio Cultural de Roma, em comunicado.<\/p>\n<p data-remotead-prev-elm=\"true\" data-remotead-elm-id=\"centro3\">A fase de restauro, iniciada em junho de 2025 e que incluiu a remo\u00e7\u00e3o de amianto, estava praticamente conclu\u00edda.<\/p>\n<p>An\u00e1lises realizadas antes do in\u00edcio das obras &#8220;confirmaram as condi\u00e7\u00f5es de seguran\u00e7a necess\u00e1rias para a execu\u00e7\u00e3o dos trabalhos nos tetos&#8221;, segundo a Dire\u00e7\u00e3o do Patrim\u00f3nio Cultural.<\/p>\n<p>A Torre dei Conti, que data do in\u00edcio do s\u00e9culo XIII, estava encerrada desde 2007 e est\u00e1 a receber um financiamento significativo do plano de recupera\u00e7\u00e3o europeu para o seu restauro.<\/p>\n","protected":false},"excerpt":{"rendered":"Uma parte da fachada da Torre dei Conti, na popular zona tur\u00edstica dos f\u00f3runs imperiais e do Coliseu,&hellip;\n","protected":false},"author":2,"featured_media":139740,"comment_status":"","ping_status":"","sticky":false,"template":"","format":"standard","meta":{"footnotes":""},"categories":[50],"tags":[27,28,15,16,14,233,25,26,21,22,62,12,13,19,20,23,24,17,18,29,30,31,63,64,65],"class_list":{"0":"post-139739","1":"post","2":"type-post","3":"status-publish","4":"format-standard","5":"has-post-thumbnail","7":"category-mundo","8":"tag-breaking-news","9":"tag-breakingnews","10":"tag-featured-news","11":"tag-featurednews","12":"tag-headlines","13":"tag-italia","14":"tag-latest-news","15":"tag-latestnews","16":"tag-main-news","17":"tag-mainnews","18":"tag-mundo","19":"tag-news","20":"tag-noticias","21":"tag-noticias-principais","22":"tag-noticiasprincipais","23":"tag-principais-noticias","24":"tag-principaisnoticias","25":"tag-top-stories","26":"tag-topstories","27":"tag-ultimas","28":"tag-ultimas-noticias","29":"tag-ultimasnoticias","30":"tag-world","31":"tag-world-news","32":"tag-worldnews"},"share_on_mastodon":{"url":"https:\/\/pubeurope.com\/@pt\/115493406229119502","error":""},"_links":{"self":[{"href":"https:\/\/www.europesays.com\/pt\/wp-json\/wp\/v2\/posts\/139739","targetHints":{"allow":["GET"]}}],"collection":[{"href":"https:\/\/www.europesays.com\/pt\/wp-json\/wp\/v2\/posts"}],"about":[{"href":"https:\/\/www.europesays.com\/pt\/wp-json\/wp\/v2\/types\/post"}],"author":[{"embeddable":true,"href":"https:\/\/www.europesays.com\/pt\/wp-json\/wp\/v2\/users\/2"}],"replies":[{"embeddable":true,"href":"https:\/\/www.europesays.com\/pt\/wp-json\/wp\/v2\/comments?post=139739"}],"version-history":[{"count":0,"href":"https:\/\/www.europesays.com\/pt\/wp-json\/wp\/v2\/posts\/139739\/revisions"}],"wp:featuredmedia":[{"embeddable":true,"href":"https:\/\/www.europesays.com\/pt\/wp-json\/wp\/v2\/media\/139740"}],"wp:attachment":[{"href":"https:\/\/www.europesays.com\/pt\/wp-json\/wp\/v2\/media?parent=139739"}],"wp:term":[{"taxonomy":"category","embeddable":true,"href":"https:\/\/www.europesays.com\/pt\/wp-json\/wp\/v2\/categories?post=139739"},{"taxonomy":"post_tag","embeddable":true,"href":"https:\/\/www.europesays.com\/pt\/wp-json\/wp\/v2\/tags?post=139739"}],"curies":[{"name":"wp","href":"https:\/\/api.w.org\/{rel}","templated":true}]}}