{"id":139756,"date":"2025-11-04T21:11:07","date_gmt":"2025-11-04T21:11:07","guid":{"rendered":"https:\/\/www.europesays.com\/pt\/139756\/"},"modified":"2025-11-04T21:11:07","modified_gmt":"2025-11-04T21:11:07","slug":"jovem-pan-news-amplia-presenca-em-sao-paulo-mudando-formato-de-fm-em-sao-jose-do-rio-preto","status":"publish","type":"post","link":"https:\/\/www.europesays.com\/pt\/139756\/","title":{"rendered":"Jovem Pan News amplia presen\u00e7a em S\u00e3o Paulo mudando formato de FM em S\u00e3o Jos\u00e9 do Rio Preto"},"content":{"rendered":"<p>O <strong>Grupo Jovem Pan<\/strong> expandiu a atua\u00e7\u00e3o da <strong>Jovem Pan News<\/strong> pelo interior paulista, rede que est\u00e1 em forte processo de crescimento pelo Brasil neste ano de 2025. A bandeira jornal\u00edstica da marca voltou a ser captada em <strong>S\u00e3o Jos\u00e9 do Rio Preto<\/strong>, por meio da virada de formato realizada na <strong>93.1 FM<\/strong>, emissora pr\u00f3pria do grupo. Desde novembro de 2022, a esta\u00e7\u00e3o vinha atuando como integrante da <strong>Jovem Pan FM<\/strong>, de formato jovem\/pop, por\u00e9m em um modelo h\u00edbrido, semelhante ao que ocorre na cabe\u00e7a de rede, a <strong>Jovem Pan FM 100.9 de S\u00e3o Paulo<\/strong>. Agora, a esta\u00e7\u00e3o retorna \u00e0 sua origem, integrando de forma plena a rede jornal\u00edstica <strong>Jovem Pan News<\/strong>.<\/p>\n<p>A mudan\u00e7a foi percebida pela audi\u00eancia local a partir da \u00faltima sexta-feira (31), mas foi consolidada no in\u00edcio desta semana. Com isso, a emissora pr\u00f3pria do Grupo Jovem Pan em <strong>S\u00e3o Jos\u00e9 do Rio Preto<\/strong> se junta \u00e0 <strong>Jovem Pan News FM 107.5 de Bras\u00edlia<\/strong>, que \u00e9 outra esta\u00e7\u00e3o controlada diretamente pela Jovem Pan e que carrega a marca <strong>Jovem Pan News<\/strong> em sua atua\u00e7\u00e3o. De novembro de 2022 at\u00e9 outubro deste ano, a <strong>93.1 FM<\/strong> de S\u00e3o Jos\u00e9 do Rio Preto seguia um modelo h\u00edbrido, com boa parte de sua grade voltada ao formato jovem\/pop da <strong>Jovem Pan FM<\/strong>, mas executando os principais programas jornal\u00edsticos e jornadas esportivas da <strong>Jovem Pan News<\/strong>.<\/p>\n<p>A <strong>93.1 FM<\/strong> \u00e9 uma esta\u00e7\u00e3o migrante AM-FM, originada da antiga <strong>Jovem Pan AM 900<\/strong> de S\u00e3o Jos\u00e9 do Rio Preto, que posteriormente operou como uma retransmissora da rede <strong>Jovem Pan News<\/strong> (de formato jornal\u00edstico), desde a cria\u00e7\u00e3o da marca, em 2013. A partir de setembro de 2022, <a href=\"https:\/\/tudoradio.com\/noticias\/ver\/28046-jovem-pan-news-inicia-transmissao-em-carater-experimental-em-sao-jose-do-rio-preto-sp\" rel=\"nofollow noopener\" target=\"_blank\"><strong>a esta\u00e7\u00e3o iniciou sua opera\u00e7\u00e3o na faixa FM<\/strong><\/a>, inicialmente em car\u00e1ter experimental, <a href=\"https:\/\/tudoradio.com\/noticias\/ver\/28386-jovem-pan-fm-e-captada-em-sao-jose-do-rio-preto-no-interior-paulista\" rel=\"nofollow noopener\" target=\"_blank\"><strong>adotando a marca da Jovem Pan FM em novembro do mesmo ano<\/strong><\/a>. Em setembro de 2023, <a href=\"https:\/\/tudoradio.com\/noticias\/ver\/30036-jovem-pan-fm-inaugura-sede-no-plaza-avenida-shopping-em-sao-jose-do-rio-preto-sp\" rel=\"nofollow noopener\" target=\"_blank\"><strong>a 93.1 FM inaugurou sua sede, instalada no Plaza Avenida Shopping<\/strong><\/a>.<\/p>\n<p style=\"text-align: center;\"><img decoding=\"async\" alt=\"\" src=\"https:\/\/www.europesays.com\/pt\/wp-content\/uploads\/2025\/11\/690a4e963eaf7.png\" style=\"height:450px; width:450px\" \/><\/p>\n<p><strong>Expans\u00e3o por S\u00e3o Paulo<\/strong><\/p>\n<p>Com <strong>S\u00e3o Jos\u00e9 do Rio Preto<\/strong>, sobe para oito o n\u00famero de pra\u00e7as da <strong>Rede News<\/strong> no interior paulista. A marca conta com emissoras afiliadas instaladas em <strong>Campinas (100.3 FM e 85.3 FM)<\/strong>, <strong>Ribeir\u00e3o Preto (107.5 FM)<\/strong>, <strong>Piracicaba (99.5 FM)<\/strong>, <strong>Mar\u00edlia (102.9 FM)<\/strong>, <strong>Rio Claro (89.1 FM)<\/strong>, <strong>Barretos (103.3 FM)<\/strong> e <strong>Votuporanga (92.9 FM)<\/strong>. J\u00e1 a <strong>100.9 FM<\/strong> da capital paulista executa os principais programas da <strong>Rede Jovem Pan News<\/strong>, assim como parte do conte\u00fado esportivo da marca.<\/p>\n<p>E a expans\u00e3o nacional da <strong>Jovem Pan News<\/strong> em 2025 tem chamado a aten\u00e7\u00e3o do mercado. Foram oito inaugura\u00e7\u00f5es neste ano, sendo a mais recente ocorrida no \u00faltimo dia 22, quando foi oficializada a entrada da <a href=\"https:\/\/tudoradio.com\/noticias\/ver\/33919-jovem-pan-news-reestreia-em-vitoria-es-e-registra-sete-novas-afiliadas-apenas-em-2025\" rel=\"nofollow noopener\" target=\"_blank\"><strong>Jovem Pan News FM 98.1 de Vit\u00f3ria (ES)<\/strong><\/a>. Al\u00e9m da capital capixaba e da mudan\u00e7a de formato em <strong>S\u00e3o Jos\u00e9 do Rio Preto<\/strong>, a <strong>Jovem Pan News<\/strong> chegou aos mercados de <a href=\"https:\/\/tudoradio.com\/noticias\/ver\/32609-jovem-pan-news-confirma-afiliada-em-manaus-segunda-estreia-da-rede-em-2025\" rel=\"nofollow noopener\" target=\"_blank\"><strong>Manaus (98.7 FM)<\/strong><\/a>, <a href=\"https:\/\/tudoradio.com\/noticias\/ver\/32499-jovem-pan-news-ja-opera-de-forma-experimental-em-maceio\" rel=\"nofollow noopener\" target=\"_blank\"><strong>Macei\u00f3 (102.7 FM)<\/strong><\/a>, <a href=\"https:\/\/tudoradio.com\/noticias\/ver\/33056-jovem-pan-news-estreia-em-ribeirao-preto-sp-atraves-da-1075-fm\" rel=\"nofollow noopener\" target=\"_blank\"><strong>Ribeir\u00e3o Preto (107.5 FM)<\/strong><\/a>, <a href=\"https:\/\/tudoradio.com\/noticias\/ver\/33242-jovem-pan-news-e-aguardada-em-porto-velho-ro-e-votuporanga-sp-jovem-pan-fm-reestreia-em-tres-lagoas-ms\" rel=\"nofollow noopener\" target=\"_blank\"><strong>Porto Velho (91.5 FM)<\/strong><\/a>, <a href=\"https:\/\/tudoradio.com\/noticias\/ver\/33319-jovem-pan-news-conta-com-estreia-em-votuporanga-sp-e-muda-em-rio-claro-sp-classic-pan-ja-opera-em-araraquara-sp\" rel=\"nofollow noopener\" target=\"_blank\"><strong>Votuporanga (92.9 FM)<\/strong><\/a> e <a href=\"https:\/\/tudoradio.com\/noticias\/ver\/33488-jovem-pan-news-confirma-estreia-em-1061-fm-para-a-regiao-de-itajai-e-balneario-camboriu\" rel=\"nofollow noopener\" target=\"_blank\"><strong>Balne\u00e1rio Cambori\u00fa \/ Itaja\u00ed (106.1 FM)<\/strong><\/a>.<\/p>\n<p>\n\t\t\t\tA reprodu\u00e7\u00e3o das not\u00edcias e das pautas \u00e9 autorizada desde que contenha a assinatura &#8216;tudoradio.com&#8217;<\/p>\n<p>&#13;<br \/>\n\t\t\t\tTags:&#13;<br \/>\n\t\t\t\tJovem Pan News, S\u00e3o Jos\u00e9 do Rio Preto, 93.1 FM, Grupo Jovem Pan, r\u00e1dio jornal\u00edstica, expans\u00e3o de rede, migra\u00e7\u00e3o AM-FM, afiliadas Jovem Pan News&#13;\n\t\t\t<\/p>\n","protected":false},"excerpt":{"rendered":"O Grupo Jovem Pan expandiu a atua\u00e7\u00e3o da Jovem Pan News pelo interior paulista, rede que est\u00e1 em&hellip;\n","protected":false},"author":2,"featured_media":139757,"comment_status":"","ping_status":"","sticky":false,"template":"","format":"standard","meta":{"footnotes":""},"categories":[141],"tags":[31109,31111,114,115,27189,28217,28212,29485,149,150,32,33,31110,31108],"class_list":{"0":"post-139756","1":"post","2":"type-post","3":"status-publish","4":"format-standard","5":"has-post-thumbnail","7":"category-musica","8":"tag-93-1-fm","9":"tag-afiliadas-jovem-pan-news","10":"tag-entertainment","11":"tag-entretenimento","12":"tag-expansao-de-rede","13":"tag-grupo-jovem-pan","14":"tag-jovem-pan-news","15":"tag-migracao-am-fm","16":"tag-music","17":"tag-musica","18":"tag-portugal","19":"tag-pt","20":"tag-radio-jornalistica","21":"tag-sao-jose-do-rio-preto"},"share_on_mastodon":{"url":"https:\/\/pubeurope.com\/@pt\/115493488888899636","error":""},"_links":{"self":[{"href":"https:\/\/www.europesays.com\/pt\/wp-json\/wp\/v2\/posts\/139756","targetHints":{"allow":["GET"]}}],"collection":[{"href":"https:\/\/www.europesays.com\/pt\/wp-json\/wp\/v2\/posts"}],"about":[{"href":"https:\/\/www.europesays.com\/pt\/wp-json\/wp\/v2\/types\/post"}],"author":[{"embeddable":true,"href":"https:\/\/www.europesays.com\/pt\/wp-json\/wp\/v2\/users\/2"}],"replies":[{"embeddable":true,"href":"https:\/\/www.europesays.com\/pt\/wp-json\/wp\/v2\/comments?post=139756"}],"version-history":[{"count":0,"href":"https:\/\/www.europesays.com\/pt\/wp-json\/wp\/v2\/posts\/139756\/revisions"}],"wp:featuredmedia":[{"embeddable":true,"href":"https:\/\/www.europesays.com\/pt\/wp-json\/wp\/v2\/media\/139757"}],"wp:attachment":[{"href":"https:\/\/www.europesays.com\/pt\/wp-json\/wp\/v2\/media?parent=139756"}],"wp:term":[{"taxonomy":"category","embeddable":true,"href":"https:\/\/www.europesays.com\/pt\/wp-json\/wp\/v2\/categories?post=139756"},{"taxonomy":"post_tag","embeddable":true,"href":"https:\/\/www.europesays.com\/pt\/wp-json\/wp\/v2\/tags?post=139756"}],"curies":[{"name":"wp","href":"https:\/\/api.w.org\/{rel}","templated":true}]}}