{"id":139758,"date":"2025-11-04T21:13:09","date_gmt":"2025-11-04T21:13:09","guid":{"rendered":"https:\/\/www.europesays.com\/pt\/139758\/"},"modified":"2025-11-04T21:13:09","modified_gmt":"2025-11-04T21:13:09","slug":"casamento-reforma-e-diogo-jota-cinco-momentos-da-nova-entrevista-de-ronaldo-pessoas","status":"publish","type":"post","link":"https:\/\/www.europesays.com\/pt\/139758\/","title":{"rendered":"Casamento, reforma e Diogo Jota: cinco momentos da nova entrevista de Ronaldo | Pessoas"},"content":{"rendered":"<p>Na entrevista anterior que deu ao brit\u00e2nico Piers Morgan, Cristiano Ronaldo <a href=\"https:\/\/www.publico.pt\/2022\/11\/15\/desporto\/noticia\/vou-trocar-saude-familia-futebol-cristiano-ronaldo-2027761\" rel=\"nofollow noopener\" target=\"_blank\">apontava<\/a> o dedo ao Manchester United, acabando por ir parar \u00e0s manchetes com acusa\u00e7\u00f5es pol\u00e9micas \u00e0 direc\u00e7\u00e3o do clube. Desta vez, voltou a sentar-se para conversar com Morgan para a \u201centrevista mais pessoal de sempre\u201d, partilhada no seu <a href=\"https:\/\/www.publico.pt\/2024\/08\/22\/impar\/noticia\/ronaldo-lanca-canal-youtube-ja-ultrapassou-18-milhoes-subscritores-2101519\" rel=\"nofollow noopener\" target=\"_blank\">canal de YouTube<\/a>, onde levanta o v\u00e9u sobre o casamento com <a href=\"https:\/\/www.publico.pt\/2025\/08\/11\/impar\/noticia\/cristiano-ronaldo-georgina-rodriguez-vao-casar-2143667\" rel=\"nofollow noopener\" target=\"_blank\">Georgina Rodr\u00edguez<\/a> e o futuro depois da reforma. \u201cAcho que vou estar preparado. \u00c9 claro que vai ser dif\u00edcil. Provavelmente, vou chorar, sim\u201d, declara o futebolista. Eis cinco revela\u00e7\u00f5es da primeira parte da entrevista, divulgada nesta ter\u00e7a-feira.<\/p>\n<p><strong>O primeiro multimilion\u00e1rio do futebol<\/strong><\/p>\n<p>Piers Morgan n\u00e3o tem rodeios e, depois de falar com Ronaldo sobre o estado actual do Manchester United, questiona o madeirense sobre a sua fortuna, na sequ\u00eancia de a Bloomberg o ter inclu\u00eddo no seu Billionaires Index na semana passada. \u201cSou bilion\u00e1rio h\u00e1 muito anos\u201d, responde Ronaldo, que n\u00e3o tem pudor de admitir: \u201cSei bem que dinheiro tenho.\u201d<\/p>\n<p>O jogador diz-se empenhado na faceta de empres\u00e1rio e revela que tem \u201cpessoas \u00e0 sua volta\u201d que o ajudam a tomar as melhores decis\u00f5es. \u201cA n\u00edvel financeiro, tenho um tipo com quem falo quase todos os dias sobre a minha carteira de investimentos, as oportunidades, e tenho o controlo, porque \u00e9 a minha vida, \u00e9 o meu dinheiro\u201d, refor\u00e7a.<\/p>\n<p>\u00c9 por isso que celebra a conquista financeira: \u201cSinceramente, fiquei muito feliz. \u00c9 como quando ganhamos uma bola de ouro porque marcamos os nossos pr\u00f3prios golos. Cada um tem os seus objectivos: construir uma casa ou ter um carro. O meu objectivo era atingir esse n\u00famero.\u201d<\/p>\n<p>Morgan aponta para o rel\u00f3gio que Ronaldo tem no pulso e pergunta-lhe qual \u00e9 objecto mais caro que j\u00e1 comprou. \u201cUm avi\u00e3o\u201d, responde Cristiano. \u201cTinha o meu avi\u00e3o h\u00e1 13 anos, mas mudei-o agora, h\u00e1 um ano. Por isso, \u00e9 um [objecto] um pouco caro.\u201d A extravag\u00e2ncia, por\u00e9m, n\u00e3o \u00e9 descabida, explica: \u201cN\u00e3o sou uma pessoa normal; n\u00e3o posso estar em aeroportos.\u201d<\/p>\n<p>Quanto \u00e0 colec\u00e7\u00e3o de carros \u2014 que \u201cacha\u201d incluir mais de 40 modelos \u2014 j\u00e1 n\u00e3o liga tanto, ainda que os autom\u00f3veis sejam uma das suas paix\u00f5es, sendo que os Bugatti s\u00e3o os favoritos. \u201cCompro carros, mas \u00e9 para colec\u00e7\u00e3o. \u00c9 como comprar um quadro. N\u00e3o vou conduzir o carro, mas \u00e9 um investimento\u201d, sublinha.<\/p>\n<p>        &#13;<br \/>\n            &#13;<\/p>\n<p><strong>A reforma para breve<\/strong><\/p>\n<p>O elefante na sala sempre que se fala de Ronaldo \u00e9 o <a href=\"https:\/\/www.publico.pt\/2025\/02\/05\/impar\/noticia\/ronaldo-afasta-planos-reforma-decide-hora-deixar-carreira-2121320\" rel=\"nofollow noopener\" target=\"_blank\">tema da reforma<\/a>, que Piers Morgan tamb\u00e9m aborda. O futebolista de 40 anos deu uma resposta que j\u00e1 tem sido a habitual, mas revelou mais sobre o futuro depois de deixar os relvados, \u201cem breve\u201d. \u201cPreparo o meu futuro desde os 25 anos. Por isso, penso que serei capaz de aguentar a press\u00e3o\u201d, analisa, confessando: \u201cNada ser\u00e1 comparado \u00e0 adrenalina que temos no futebol para marcar um golo.\u201d<\/p>\n<p>Ainda assim, quer aproveitar o tempo para se dedicar a \u201coutras paix\u00f5es\u201d, seja o padel (\u00e9 dono do Lisboa Racket Centre, no Campo Grande) ou os neg\u00f3cios \u2014 sendo que fala sobretudo do imobili\u00e1rio. Ou para acompanhar a carreira do filho, dando a entender que poder\u00e1 ser o empres\u00e1rio de Cristianinho, de 15 anos, que j\u00e1 veste a camisola da selec\u00e7\u00e3o de sub-15. \u201cQuero acompanhar o Cristiano J\u00fanior que ele est\u00e1 naquela idade\u2026 [Os mi\u00fados] s\u00e3o um pouco est\u00fapidos, fazem coisas est\u00fapidas. \u00c9 normal porque eu fiz o mesmo.\u201d<\/p>\n<p>\u201cQuero ser uma pessoa mais familiar, estar mais presente\u201d, resume, falando do desejo de \u201cter mais tempo para a fam\u00edlia\u201d e para \u201ccriar os filhos\u201d, especialmente Bella, que tem tr\u00eas anos. Mas uma coisa tem a certeza: \u201cNunca serei Youtuber.\u201d<\/p>\n<p>                &#13;<br \/>\n                    &#13;<br \/>\n                    &#13;<br \/>\n                        Cristiano Ronaldo tem 40 anos&#13;<br \/>\nNuno Ferreira Santos                    &#13;<\/p>\n<p><strong>Casamento com Georgina<\/strong><\/p>\n<p>Mas o \u201cmaior neg\u00f3cio\u201d \u00e9 o noivado com Georgina, diz Piers Morgan, que pergunta o motivo por que esperou tanto tempo para pedir a companheira em casamento \u2014 anunciado a 11 de Agosto deste ano. \u201cPor vezes, \u00e9 preciso tempo para perceber que n\u00e3o cometemos erros&#8221;, diz, revelando ter pensado: &#8220;Vou pedi-la em casamento porque acho que \u00e9 o momento certo. N\u00e3o s\u00f3 porque \u00e9 a m\u00e3e dos meus filhos, mas porque \u00e9 a pessoa que mais amo. \u00c9 o amor da minha vida\u201d.<\/p>\n<p>\u00c9 a primeira vez que Ronaldo fala sobre o pedido de casamento, que ter\u00e1 acontecido na casa da fam\u00edlia. \u201cEla pediu-me um anel para lhe oferecer. Porque um dos seus sonhos era ter uma boa pedra. E trabalhei muito e finalmente encontrei o ideal\u201d, conta. Inicialmente tinha planeado apenas oferecer o anel e foram as filhas a dar-lhe a ideia do pedido de casamento. \u201cAs minhas filhas estavam a dormir e o meu amigo deu-me o anel para eu dar \u00e0 Gio. As minhas duas filhas apareceram e disseram: \u2018Pap\u00e1, vais dar um anel \u00e0 m\u00e3e e pedi-la em casamento?\u2019. E eu disse: \u2018Uau, \u00e9 o momento certo.\u2019\u201d<\/p>\n<p>Fez um discurso \u201csimples\u201d, at\u00e9 porque n\u00e3o \u00e9 \u201cmuito rom\u00e2ntico\u201d, nem do \u201cg\u00e9nero de homens que d\u00e1 flores todas as semanas. Georgina Rodr\u00edguez, que \u00e9 sua companheira h\u00e1 nove anos, n\u00e3o hesitou na resposta, mas duvidou da veracidade do pedido. \u201cUma coisa que adoro \u00e9 que ela nem se importou com o anel. Perguntou-me se eu estava a dizer a verdade. \u2018Sim, a s\u00e9rio. Eu quero-te, bl\u00e1, bl\u00e1, bl\u00e1, quero casar contigo, bl\u00e1, bl\u00e1.&#8217; (\u2026) N\u00e3o chorei, mas quando vi a reac\u00e7\u00e3o dela, fiquei com l\u00e1grimas nos olhos.\u201d<\/p>\n<p>Ainda n\u00e3o h\u00e1 data para o casamento que dever\u00e1 acontecer \u201cdepois do Mundial de futebol\u201d, em 2026, \u201ccom o trof\u00e9u\u201d para a selec\u00e7\u00e3o portuguesa. \u201cN\u00e3o planeamos isso porque ela [a Georgina] n\u00e3o \u00e9 uma pessoa que goste de festas. Ela gosta de coisas privadas. Respeitarei a decis\u00e3o dela.\u201d<\/p>\n<p>                &#13;<br \/>\n                    &#13;<br \/>\n                    &#13;<br \/>\n                        Ronaldo com a companheira e os filhos na apresenta\u00e7\u00e3o no  Al Nassr&#13;<br \/>\nAHMED YOSRI\/Reuters                    &#13;<\/p>\n<p><strong>A perda do filho<\/strong><\/p>\n<p>Em 2022, o futebolista e a influencer<a href=\"https:\/\/www.publico.pt\/2022\/04\/18\/impar\/noticia\/cristiano-georgina-voltaram-pais-bebes-nao-sobreviveu-2002936\" rel=\"nofollow noopener\" target=\"_blank\"> <\/a><a href=\"https:\/\/www.publico.pt\/2022\/04\/18\/impar\/noticia\/cristiano-georgina-voltaram-pais-bebes-nao-sobreviveu-2002936\" rel=\"nofollow noopener\" target=\"_blank\">anunciaram a morte <\/a>de um dos g\u00e9meos que esperavam, tendo apenas sobrevivido Bella. O momento ainda o aproximou mais de Georgina, que tamb\u00e9m \u00e9 m\u00e3e de Alana Martina, de 7 anos \u2014 os restantes filhos s\u00e3o de m\u00e3e inc\u00f3gnita. \u201cSempre nos apoiamos um ao outro. \u00c9 algo que aprendi com o tempo, mesmo nos piores momentos, temos de nos unir, temos de fazer as coisas andarem, porque n\u00e3o \u00e9 s\u00f3 quando estamos no momento bom que n\u00e3o v\u00e3o chegar os momentos maus\u201d, reflecte Ronaldo.<\/p>\n<p>O momento dif\u00edcil tamb\u00e9m o fez ver a vida de outra perspectiva, diz, referindo-se \u00e0 \u201crainha da fam\u00edlia que tem tr\u00eas anos\u201d e traz a felicidade \u00e0 casa. \u201cTudo acontece por uma raz\u00e3o. Acredito nisso. Por isso, somos uma fam\u00edlia aben\u00e7oada. Por isso, sinto-me orgulhoso.\u201d<\/p>\n<p>E faz elogios rasgados a Georgina, enquanto mulher e m\u00e3e, que \u201ctoma conta da fam\u00edlia e toma conta da casa\u201d. \u201cEla \u00e9 especial para mim porque, para al\u00e9m das suas qualidades, do seu corpo bonito e de tudo aquilo de que gosto, \u00e9 uma pessoa que me compreende e que cuida de mim e da minha fam\u00edlia.\u201d<\/p>\n<p><strong>A despedida de Diogo Jota<\/strong><\/p>\n<p>A aus\u00eancia de Cristiano Ronaldo no<a href=\"https:\/\/www.publico.pt\/2025\/07\/05\/desporto\/reportagem\/sao-duas-urnas-nao-ha-palavras-ha-sentimentos-despedida-irmaos-diogo-jota-andre-silva-2139114\" rel=\"nofollow noopener\" target=\"_blank\"> funeral de Diogo Jota<\/a>, que <a href=\"https:\/\/www.publico.pt\/2025\/07\/03\/desporto\/noticia\/diogo-jota-19962025-sete-momentos-carreira-vida-terminou-cedo-demais-2138793\" rel=\"nofollow noopener\" target=\"_blank\">morreu<\/a> em Julho, aos 28 anos, na sequ\u00eancia de um acidente de autom\u00f3vel, era um dos temas prometidos para esta conversa com Piers Morgan. Todavia, a explica\u00e7\u00e3o do motivo por que o futebolista n\u00e3o acompanhou a despedida do amigo fica para a segunda parte \u2014 cuja data de publica\u00e7\u00e3o ainda foi anunciada.<\/p>\n<p>\u201cEu n\u00e3o acreditei. Quando me enviavam mensagens, eu&#8230;Chorei muito. Foi um momento muito, muito dif\u00edcil para o pa\u00eds, para as fam\u00edlias, para os amigos, para os colegas de equipa. Devastador. Not\u00edcias muito, muito, muito tristes\u201d, declara Ronaldo. Em Julho, a sua irm\u00e3 Katia Aveiro explicou que o madeirense tinha estado ausente para evitar o \u201ccirco medi\u00e1tico\u201d.<\/p>\n<p>Entre os temas que ficam em suspenso est\u00e1 Donald Trump, depois de Ronaldo ter assinado uma camisa da selec\u00e7\u00e3o para o Presidente norte-americano, onde lhe pedia para \u201cjogar pela paz\u201d. Resta saber se haver\u00e1 uma tomada de posi\u00e7\u00e3o pol\u00edtica, que seria in\u00e9dita para o portugu\u00eas, a viver na Ar\u00e1bia Saudita.<\/p>\n","protected":false},"excerpt":{"rendered":"Na entrevista anterior que deu ao brit\u00e2nico Piers Morgan, Cristiano Ronaldo apontava o dedo ao Manchester United, acabando&hellip;\n","protected":false},"author":2,"featured_media":139759,"comment_status":"","ping_status":"","sticky":false,"template":"","format":"standard","meta":{"footnotes":""},"categories":[87],"tags":[995,211,667,135,353,524,708,712,32,33,134],"class_list":{"0":"post-139758","1":"post","2":"type-post","3":"status-publish","4":"format-standard","5":"has-post-thumbnail","7":"category-desporto","8":"tag-abre-conteudo","9":"tag-celebridades","10":"tag-cristiano-ronaldo","11":"tag-desporto","12":"tag-em-destaque","13":"tag-futebol","14":"tag-impar","15":"tag-pessoas","16":"tag-portugal","17":"tag-pt","18":"tag-sports"},"share_on_mastodon":{"url":"https:\/\/pubeurope.com\/@pt\/115493497471029989","error":""},"_links":{"self":[{"href":"https:\/\/www.europesays.com\/pt\/wp-json\/wp\/v2\/posts\/139758","targetHints":{"allow":["GET"]}}],"collection":[{"href":"https:\/\/www.europesays.com\/pt\/wp-json\/wp\/v2\/posts"}],"about":[{"href":"https:\/\/www.europesays.com\/pt\/wp-json\/wp\/v2\/types\/post"}],"author":[{"embeddable":true,"href":"https:\/\/www.europesays.com\/pt\/wp-json\/wp\/v2\/users\/2"}],"replies":[{"embeddable":true,"href":"https:\/\/www.europesays.com\/pt\/wp-json\/wp\/v2\/comments?post=139758"}],"version-history":[{"count":0,"href":"https:\/\/www.europesays.com\/pt\/wp-json\/wp\/v2\/posts\/139758\/revisions"}],"wp:featuredmedia":[{"embeddable":true,"href":"https:\/\/www.europesays.com\/pt\/wp-json\/wp\/v2\/media\/139759"}],"wp:attachment":[{"href":"https:\/\/www.europesays.com\/pt\/wp-json\/wp\/v2\/media?parent=139758"}],"wp:term":[{"taxonomy":"category","embeddable":true,"href":"https:\/\/www.europesays.com\/pt\/wp-json\/wp\/v2\/categories?post=139758"},{"taxonomy":"post_tag","embeddable":true,"href":"https:\/\/www.europesays.com\/pt\/wp-json\/wp\/v2\/tags?post=139758"}],"curies":[{"name":"wp","href":"https:\/\/api.w.org\/{rel}","templated":true}]}}