{"id":139773,"date":"2025-11-04T21:27:09","date_gmt":"2025-11-04T21:27:09","guid":{"rendered":"https:\/\/www.europesays.com\/pt\/139773\/"},"modified":"2025-11-04T21:27:09","modified_gmt":"2025-11-04T21:27:09","slug":"cristiano-ronaldo-e-georgina-casam-depois-do-mundial-trabalhei-muito-ate-encontrar-o-anel-ideal","status":"publish","type":"post","link":"https:\/\/www.europesays.com\/pt\/139773\/","title":{"rendered":"Cristiano Ronaldo e Georgina casam depois do Mundial: &#8220;Trabalhei muito at\u00e9 encontrar o anel ideal&#8221;"},"content":{"rendered":"<p data-remotead-prev-elm=\"true\" data-remotead-elm-id=\"inread\">O dia 11 de agosto de 2025 ficou marcado por uma fotografia que deu a volta ao mundo. No Instagram, Georgina Rodr\u00edguez surgiu com um anel de diamantes no dedo anelar esquerdo, confirmando o que h\u00e1 muito se especulava: o craque portugu\u00eas tinha finalmente pedido a companheira em casamento.<\/p>\n<p>Tr\u00eas meses depois, numa entrevista a Piers Morgan divulgada esta ter\u00e7a-feira, Cristiano revelou os bastidores desse momento, descrevendo-o como &#8220;espont\u00e2neo, simples e muito especial&#8221;. O capit\u00e3o da Sele\u00e7\u00e3o Nacional confessou que sabia que o queria fazer, mas n\u00e3o tinha nada planeado.<\/p>\n<p>&#8220;Ela uma vez disse-me que queria um anel mesmo grande, um diamante grande, e eu trabalhei muito at\u00e9 encontrar o ideal&#8221;, contou, entre sorrisos. &#8220;Comprei-o e pedi a um amigo que o guardasse, porque era aquele que lhe ia oferecer. Est\u00e1vamos a jantar e vi o meu amigo a tirar o telem\u00f3vel do bolso para gravar e ele nunca faz isso. Percebi que era o momento.&#8221;<\/p>\n<p>Entre gargalhadas, filhas e emo\u00e7\u00e3o contida<\/p>\n<p data-remotead-prev-elm=\"true\" data-remotead-elm-id=\"centro1\">O que se seguiu foi digno de um filme familiar. &#8220;As minhas filhas, que j\u00e1 deviam estar a dormir, entraram e come\u00e7aram a dizer &#8216;\u00e9 agora que vais pedir a m\u00e3e em casamento com o anel?'&#8221;, recordou.<\/p>\n<p>Sem tempo para pensar, Cristiano decidiu avan\u00e7ar. &#8220;Ent\u00e3o fiz o pedido ali mesmo, com elas presentes. N\u00e3o me ajoelhei porque foi tudo r\u00e1pido, mas sim, fiz um discurso.&#8221; Entre risos, admitiu n\u00e3o ser um homem de gestos grandiosos: &#8220;Sou rom\u00e2ntico \u00e0 minha maneira. Foi bonito, e eu sabia que a Georgina era a mulher da minha vida.&#8221;<\/p>\n<p>O jogador revelou que a companheira aceitou de imediato, mas pouco ligou ao valor da joia. &#8220;Ela n\u00e3o quis saber do anel. Estava em choque e perguntava se era mesmo real, se eu queria mesmo. N\u00e3o chorei, mas lacrimejei um pouco&#8221;, confessou, divertido, quando Piers Morgan lhe disse que as l\u00e1grimas podiam ser pelo pre\u00e7o da pe\u00e7a. &#8220;Sim, talvez pelas duas coisas&#8221;, reconheceu bem-humorado.<\/p>\n<p>Casamento ser\u00e1 depois do Mundial de 2026<\/p>\n<p data-remotead-prev-elm=\"true\" data-remotead-elm-id=\"centro2\">No final da conversa, Cristiano adiantou o que muitos queriam saber: quando ser\u00e1 o casamento. &#8220;Est\u00e1 tudo pensado para depois do Mundial 2026&#8221;, revelou o jogador, que pretende respeitar o gosto de Georgina por celebra\u00e7\u00f5es mais reservadas. &#8220;Ela n\u00e3o gosta de festas grandes, gosta de coisas privadas, ent\u00e3o vou ceder nesse aspeto&#8221;, confidenciou o craque.<\/p>\n<p>Sobre a rela\u00e7\u00e3o, falou com emo\u00e7\u00e3o e maturidade. &#8220;N\u00e3o foi s\u00f3 porque ela \u00e9 m\u00e3e dos meus filhos, foi porque \u00e9 a pessoa que mais amo. Nada vai mudar s\u00f3 porque vamos casar, \u00e9 apenas mais um cap\u00edtulo bonito da nossa vida&#8221;, afirmou.<\/p>\n<p>Com um sorriso, rematou: &#8220;Ela toma conta de mim, da fam\u00edlia e da casa &#8211; e se fosse ao contr\u00e1rio, eu n\u00e3o conseguiria. \u00c9 especial porque compreende tudo o que sou.&#8221;<\/p>\n","protected":false},"excerpt":{"rendered":"O dia 11 de agosto de 2025 ficou marcado por uma fotografia que deu a volta ao mundo.&hellip;\n","protected":false},"author":2,"featured_media":139774,"comment_status":"","ping_status":"","sticky":false,"template":"","format":"standard","meta":{"footnotes":""},"categories":[87],"tags":[1435,667,135,3509,12632,8083,32,33,134],"class_list":{"0":"post-139773","1":"post","2":"type-post","3":"status-publish","4":"format-standard","5":"has-post-thumbnail","7":"category-desporto","8":"tag-casamento","9":"tag-cristiano-ronaldo","10":"tag-desporto","11":"tag-georgina-rodriguez","12":"tag-mundial-2026","13":"tag-noivado","14":"tag-portugal","15":"tag-pt","16":"tag-sports"},"share_on_mastodon":{"url":"https:\/\/pubeurope.com\/@pt\/115493551788299423","error":""},"_links":{"self":[{"href":"https:\/\/www.europesays.com\/pt\/wp-json\/wp\/v2\/posts\/139773","targetHints":{"allow":["GET"]}}],"collection":[{"href":"https:\/\/www.europesays.com\/pt\/wp-json\/wp\/v2\/posts"}],"about":[{"href":"https:\/\/www.europesays.com\/pt\/wp-json\/wp\/v2\/types\/post"}],"author":[{"embeddable":true,"href":"https:\/\/www.europesays.com\/pt\/wp-json\/wp\/v2\/users\/2"}],"replies":[{"embeddable":true,"href":"https:\/\/www.europesays.com\/pt\/wp-json\/wp\/v2\/comments?post=139773"}],"version-history":[{"count":0,"href":"https:\/\/www.europesays.com\/pt\/wp-json\/wp\/v2\/posts\/139773\/revisions"}],"wp:featuredmedia":[{"embeddable":true,"href":"https:\/\/www.europesays.com\/pt\/wp-json\/wp\/v2\/media\/139774"}],"wp:attachment":[{"href":"https:\/\/www.europesays.com\/pt\/wp-json\/wp\/v2\/media?parent=139773"}],"wp:term":[{"taxonomy":"category","embeddable":true,"href":"https:\/\/www.europesays.com\/pt\/wp-json\/wp\/v2\/categories?post=139773"},{"taxonomy":"post_tag","embeddable":true,"href":"https:\/\/www.europesays.com\/pt\/wp-json\/wp\/v2\/tags?post=139773"}],"curies":[{"name":"wp","href":"https:\/\/api.w.org\/{rel}","templated":true}]}}