{"id":139777,"date":"2025-11-04T21:36:21","date_gmt":"2025-11-04T21:36:21","guid":{"rendered":"https:\/\/www.europesays.com\/pt\/139777\/"},"modified":"2025-11-04T21:36:21","modified_gmt":"2025-11-04T21:36:21","slug":"volkswagen-bmw-e-mercedes-vao-deixar-de-ser-o-que-sao","status":"publish","type":"post","link":"https:\/\/www.europesays.com\/pt\/139777\/","title":{"rendered":"Volkswagen, BMW e Mercedes v\u00e3o \u201cdeixar de ser o que s\u00e3o\u201d"},"content":{"rendered":"<p class=\"wp-caption-text top\">Volkswagen<\/p>\n<p><img decoding=\"async\" loading=\"lazy\" class=\"size-full wp-image-659843\" src=\"https:\/\/www.europesays.com\/pt\/wp-content\/uploads\/2025\/11\/bada04e2ca39adbbed49a99b45015f1c-1191x619.jpg\" alt=\"\" width=\"1191\" height=\"619\"  \/><\/p>\n<p class=\"wp-caption-text bot\">Volkswagen<\/p>\n<p><strong>O prazo \u00e9 2030. Economista conceituado avisa: \u201cProvavelmente n\u00e3o existir\u00e3o na sua forma actual no final desta d\u00e9cada\u201d.<\/strong><\/p>\n<p>A <strong>ind\u00fastria autom\u00f3vel<\/strong> na <strong>Alemanha,<\/strong> noutros tempos l\u00edder inquestion\u00e1vel e aparentemente imbat\u00edvel, est\u00e1 a atravessar uma <strong>situa\u00e7\u00e3o delicada,<\/strong> provavelmente in\u00e9dita a esta escala.<\/p>\n<p>A <strong>Volkswagen,<\/strong> a maior das empresas alem\u00e3 no sector e uma das maiores do mundo, j\u00e1 teve <a href=\"https:\/\/zap.aeiou.pt\/problemas-volkswagen-alemanha-633009\" data-wpel-link=\"internal\" rel=\"nofollow noopener\" target=\"_blank\">demiss\u00f5es<\/a> em bloco e f\u00e1bricas fechadas no pa\u00eds, al\u00e9m de mais despedimentos \u00e0 vista.<\/p>\n<p>Volkswagen e <strong>Porsche,<\/strong> juntas, acumulam um <strong>preju\u00edzo<\/strong> de 1.000 milh\u00f5es de euros, segundo os relat\u00f3rios mais recentes; ainda na semana passada, a <strong>Mercedes<\/strong> anunciou uma <strong>queda<\/strong> de 50% nos lucros.<\/p>\n<p>A ind\u00fastria autom\u00f3vel alem\u00e3 enfrenta as consequ\u00eancias de <strong>grandes transforma\u00e7\u00f5es<\/strong> e as suas pr\u00f3prias <strong>defici\u00eancias.<\/strong><\/p>\n<p>A Alemanha est\u00e1 a revelar dificuldades na transi\u00e7\u00e3o de uma pot\u00eancia industrial para uma sociedade de inova\u00e7\u00e3o digital.<\/p>\n<p>A economia alem\u00e3 estagnou, as tarifas Trump n\u00e3o ajudam e come\u00e7aram a surgir carros el\u00e9ctricos significativamente mais baratos vindos da China. E o <a href=\"https:\/\/zap.aeiou.pt\/volkswagen-e-ponta-iceberg-ha-mais-marcas-manipular-testes-84058\" data-wpel-link=\"internal\" rel=\"nofollow noopener\" target=\"_blank\">esc\u00e2ndalo<\/a> da manipula\u00e7\u00e3o de testes prejudicou muito a imagem dos fabricantes de autom\u00f3veis alem\u00e3es.<\/p>\n<p>E, focando no sector autom\u00f3vel, Moritz Schularick avisa que os tr\u00eas principais fabricantes de autom\u00f3veis da Alemanha \u2013 <strong>Volkswagen, BMW e Mercedes \u2013 n\u00e3o v\u00e3o continuar a ser como s\u00e3o.<\/strong><\/p>\n<p>Moritz \u00e9 um economista conceituado e presidente do Instituto de Economia Mundial de Kiel.<\/p>\n<p>No domingo passado, na <a href=\"https:\/\/www.ardmediathek.de\/video\/caren-miosga\/stellenabbau-und-handelskrieg-ist-unsere-autoindustrie-noch-zu-retten\/ndr\/Y3JpZDovL25kci5kZS8zMmE0OWZiNS1lZGY3LTQxNGMtYmUwOS1kZGM0ZWFiNTM5MmFfZ2FuemVTZW5kdW5n\" data-wpel-link=\"external\" target=\"_blank\" rel=\"nofollow external noopener noreferrer\" class=\"ext-link\">ARD<\/a>, foi questionado sobre se as tr\u00eas grandes empresas mencionadas, ainda existiriam na sua forma actual daqui a 10 anos.<\/p>\n<p>A resposta foi directa: \u201cAcredito que provavelmente <strong>n\u00e3o existir\u00e3o na sua forma actual at\u00e9 ao final da d\u00e9cada<\/strong>, dado o estado actual da ind\u00fastria autom\u00f3vel alem\u00e3.\u201d<\/p>\n<p>\u201cConsigo muito bem imaginar uma esp\u00e9cie de<strong> solu\u00e7\u00e3o Volvo<\/strong>, ou seja, um investidor estrat\u00e9gico para os fabricantes de autom\u00f3veis alem\u00e3es\u201d \u2013 poder\u00e1 ser um <strong>investidor chin\u00eas<\/strong> <strong>a trazer tecnologias e a abrir o acesso a novos mercados<\/strong>, explicou.<\/p>\n<p>Moritz Schularick falou tamb\u00e9m sobre a <strong>condu\u00e7\u00e3o aut\u00f3noma<\/strong> \u2013 aparentemente desprezada na Alemanha \u2013 salientando que est\u00e1 \u201cmuito preocupado com o facto de, em todo este <strong>debate virado para o passado<\/strong>, nos estarmos a esquecer de qual ser\u00e1 a pr\u00f3xima revolu\u00e7\u00e3o; consequentemente, ficaremos novamente para tr\u00e1s\u201d.<\/p>\n<p>    <a href=\"https:\/\/zap.aeiou.pt\/subscrever-newsletter\" data-wpel-link=\"internal\" rel=\"nofollow noopener\" target=\"_blank\">&#13;<br \/>\n        <img loading=\"lazy\" decoding=\"async\" class=\"aligncenter size-full wp-image-575475\" src=\"https:\/\/www.europesays.com\/pt\/wp-content\/uploads\/2025\/10\/1759862234_971_2d51fe4a0ba54894421ead1809309ed9-1-450x140.jpg\" alt=\"Subscreva a Newsletter ZAP\" width=\"450\" height=\"140\"\/>&#13;<br \/>\n    <\/a><\/p>\n<p>                <a href=\"https:\/\/whatsapp.com\/channel\/0029VaIC4EE2f3EJZPPSbR34\" data-wpel-link=\"external\" target=\"_blank\" rel=\"nofollow external noopener noreferrer\" class=\"ext-link\">&#13;<br \/>\n                    <img loading=\"lazy\" decoding=\"async\" class=\"aligncenter size-full wp-image-575475\" src=\"https:\/\/www.europesays.com\/pt\/wp-content\/uploads\/2025\/10\/1759862234_512_c68c559d956d4ca20f435ed74a6e71e6.png\" alt=\"Siga-nos no WhatsApp\" width=\"175\" height=\"64\"\/>&#13;<br \/>\n                <\/a><\/p>\n<p>                <a href=\"https:\/\/news.google.com\/publications\/CAAiEHRwZondIV71PDjWNoqMduEqFAgKIhB0cGaJ3SFe9Tw41jaKjHbh?hl=en-US&amp;gl=US&amp;ceid=US%3Aen\" data-wpel-link=\"external\" target=\"_blank\" rel=\"nofollow external noopener noreferrer\" class=\"ext-link\">&#13;<br \/>\n                    <img loading=\"lazy\" decoding=\"async\" class=\"aligncenter size-full wp-image-575475\" src=\"https:\/\/www.europesays.com\/pt\/wp-content\/uploads\/2025\/10\/1759862235_242_5123dd8b087b644fdb8f8603acd1bad4.png\" alt=\"Siga-nos no Google News\" width=\"176\" height=\"64\"\/>&#13;<br \/>\n                <\/a><\/p>\n","protected":false},"excerpt":{"rendered":"Volkswagen Volkswagen O prazo \u00e9 2030. Economista conceituado avisa: \u201cProvavelmente n\u00e3o existir\u00e3o na sua forma actual no final&hellip;\n","protected":false},"author":2,"featured_media":139778,"comment_status":"","ping_status":"","sticky":false,"template":"","format":"standard","meta":{"footnotes":""},"categories":[83],"tags":[1305,2702,344,88,3981,4212,476,89,90,4459,32,33,110,505],"class_list":{"0":"post-139777","1":"post","2":"type-post","3":"status-publish","4":"format-standard","5":"has-post-thumbnail","7":"category-empresas","8":"tag-alemanha","9":"tag-auto","10":"tag-bmw","11":"tag-business","12":"tag-carro","13":"tag-consumo","14":"tag-economia","15":"tag-economy","16":"tag-empresas","17":"tag-mercedes","18":"tag-portugal","19":"tag-pt","20":"tag-tecnologia","21":"tag-volkswagen"},"share_on_mastodon":{"url":"https:\/\/pubeurope.com\/@pt\/115493587810277060","error":""},"_links":{"self":[{"href":"https:\/\/www.europesays.com\/pt\/wp-json\/wp\/v2\/posts\/139777","targetHints":{"allow":["GET"]}}],"collection":[{"href":"https:\/\/www.europesays.com\/pt\/wp-json\/wp\/v2\/posts"}],"about":[{"href":"https:\/\/www.europesays.com\/pt\/wp-json\/wp\/v2\/types\/post"}],"author":[{"embeddable":true,"href":"https:\/\/www.europesays.com\/pt\/wp-json\/wp\/v2\/users\/2"}],"replies":[{"embeddable":true,"href":"https:\/\/www.europesays.com\/pt\/wp-json\/wp\/v2\/comments?post=139777"}],"version-history":[{"count":0,"href":"https:\/\/www.europesays.com\/pt\/wp-json\/wp\/v2\/posts\/139777\/revisions"}],"wp:featuredmedia":[{"embeddable":true,"href":"https:\/\/www.europesays.com\/pt\/wp-json\/wp\/v2\/media\/139778"}],"wp:attachment":[{"href":"https:\/\/www.europesays.com\/pt\/wp-json\/wp\/v2\/media?parent=139777"}],"wp:term":[{"taxonomy":"category","embeddable":true,"href":"https:\/\/www.europesays.com\/pt\/wp-json\/wp\/v2\/categories?post=139777"},{"taxonomy":"post_tag","embeddable":true,"href":"https:\/\/www.europesays.com\/pt\/wp-json\/wp\/v2\/tags?post=139777"}],"curies":[{"name":"wp","href":"https:\/\/api.w.org\/{rel}","templated":true}]}}