{"id":139781,"date":"2025-11-04T21:38:38","date_gmt":"2025-11-04T21:38:38","guid":{"rendered":"https:\/\/www.europesays.com\/pt\/139781\/"},"modified":"2025-11-04T21:38:38","modified_gmt":"2025-11-04T21:38:38","slug":"helicoptero-de-loule-nao-estava-operacional-para-transportar-bebe-admite-inem-inem","status":"publish","type":"post","link":"https:\/\/www.europesays.com\/pt\/139781\/","title":{"rendered":"Helic\u00f3ptero de Loul\u00e9 n\u00e3o estava operacional para transportar beb\u00e9, admite INEM | INEM"},"content":{"rendered":"<p>O INEM reconheceu, nesta segunda-feira, que o helic\u00f3ptero de Loul\u00e9 ficou inoperacional no s\u00e1bado \u00e0 tarde, mantendo a ressalva de que, mesmo que estivesse operacional, n\u00e3o poderia ter assegurado o transporte entre Faro e Lisboa devido \u00e0s condi\u00e7\u00f5es meteorol\u00f3gicas adversas.<\/p>\n<p>Em causa est\u00e1 o transporte no s\u00e1bado de um <a href=\"https:\/\/www.publico.pt\/2025\/11\/02\/sociedade\/noticia\/bebe-hemorragia-cerebral-transportado-ambulancia-faro-lisboa-mau-tempo-impedia-voos-inem-2153106\" rel=\"nofollow noopener\" target=\"_blank\">beb\u00e9 em estado cr\u00edtico<\/a> entre os hospitais de Faro e Dona Estef\u00e2nia, em Lisboa, por ambul\u00e2ncia, depois de o helic\u00f3ptero do INEM n\u00e3o ter assegurado a transfer\u00eancia do rec\u00e9m-nascido. Segundo o INEM, o transporte entre estes hospitais \u201cn\u00e3o poderia ter sido assegurado por via a\u00e9rea a partir de qualquer das bases, \u00c9vora ou Loul\u00e9, devido \u00e0s condi\u00e7\u00f5es meteorol\u00f3gicas adversas que se faziam sentir na altura do pedido, tamb\u00e9m em Lisboa\u201d.<\/p>\n<p>\u201cO helic\u00f3ptero com base em Loul\u00e9 ficou inoperacional cerca das 15h de s\u00e1bado, dia 1 de Novembro, por motivos de manuten\u00e7\u00e3o e log\u00edsticos, prevendo-se que retome a operacionalidade no decorrer do dia de amanh\u00e3 [ter\u00e7a-feira]\u201d, adiantou o Instituto Nacional de Emerg\u00eancia M\u00e9dica (INEM) \u00e0 Lusa.<\/p>\n<p>\u201cOu seja, mesmo que o helic\u00f3ptero de Loul\u00e9 estivesse operacional, o transporte n\u00e3o poderia ser concretizado com recurso a este meio a\u00e9reo\u201d, adiantou o instituto, avan\u00e7ando que assegurou a resposta ao pedido por via terrestre, atrav\u00e9s de uma ambul\u00e2ncia de transporte inter-hospitalar pedi\u00e1trico, \u201cgarantindo o transporte e o acompanhamento m\u00e9dico ao beb\u00e9 com a m\u00e1xima seguran\u00e7a\u201d.<\/p>\n<p>O transporte inter-hospitalar pedi\u00e1trico (TIP) dedica-se especificamente ao transporte de rec\u00e9m-nascidos e doentes pedi\u00e1tricos em estado cr\u00edtico entre unidades de sa\u00fade, atrav\u00e9s de ambul\u00e2ncias que disp\u00f5em de uma tripula\u00e7\u00e3o constitu\u00edda por um m\u00e9dico, um enfermeiro e um t\u00e9cnico de emerg\u00eancia pr\u00e9-hospitalar.<\/p>\n<p>De acordo com o <a href=\"https:\/\/www.publico.pt\/inem\" target=\"_blank\" rel=\"nofollow noopener\">INEM<\/a>, estas ambul\u00e2ncias est\u00e3o equipadas com \u201ctodo o material necess\u00e1rio\u201d \u00e0 estabiliza\u00e7\u00e3o de doentes dos zero aos 18 anos, permitindo o seu transporte para hospitais onde existam unidades diferenciadas com capacidade para o seu tratamento.<\/p>\n<p>Na sequ\u00eancia deste caso, a Inspec\u00e7\u00e3o-Geral das Actividades em Sa\u00fade (IGAS) instaurou, nesta segunda-feira, um <a href=\"https:\/\/www.publico.pt\/2025\/11\/03\/sociedade\/noticia\/igas-pede-esclarecimentos-caso-bebe-nao-helicoptero-disponivel-2153188\" target=\"_blank\" rel=\"nofollow noopener\">processo de esclarecimento<\/a>, solicitando ao INEM e \u00e0 Unidade Local de Sa\u00fade do Algarve para se pronunciarem. Tamb\u00e9m a Entidade Reguladora da Sa\u00fade (ERS) adiantou \u00e0 Lusa que \u201cinstaurou um processo de avalia\u00e7\u00e3o ao caso\u201d para analisar os factos.<\/p>\n<p>No s\u00e1bado, o INEM anunciou que todos os quatro novos helic\u00f3pteros de emerg\u00eancia m\u00e9dica tinham come\u00e7ado a operar em pleno, diariamente por per\u00edodos de 24 horas, ao fim de um atraso de quatro meses.<\/p>\n<p>Em comunicado, o instituto referiu que o novo contrato de helitransporte de emerg\u00eancia garantia a partir de s\u00e1bado \u201ca disponibilidade permanente\u201d dos quatro meios a\u00e9reos, sediados nas bases de Macedo de Cavaleiros, Viseu, \u00c9vora e Loul\u00e9, \u201cassegurando cobertura a\u00e9rea em todo o territ\u00f3rio continental\u201d em regime de \u201c24 horas por dia, sete dias por semana\u201d.<\/p>\n","protected":false},"excerpt":{"rendered":"O INEM reconheceu, nesta segunda-feira, que o helic\u00f3ptero de Loul\u00e9 ficou inoperacional no s\u00e1bado \u00e0 tarde, mantendo a&hellip;\n","protected":false},"author":2,"featured_media":139782,"comment_status":"","ping_status":"","sticky":false,"template":"","format":"standard","meta":{"footnotes":""},"categories":[10],"tags":[27,28,4917,9475,15,16,14,31112,7923,25,26,797,24806,21,22,12,13,19,20,32,23,24,33,117,58,17,18,29,30,31],"class_list":{"0":"post-139781","1":"post","2":"type-post","3":"status-publish","4":"format-standard","5":"has-post-thumbnail","7":"category-portugal","8":"tag-breaking-news","9":"tag-breakingnews","10":"tag-evora","11":"tag-faro","12":"tag-featured-news","13":"tag-featurednews","14":"tag-headlines","15":"tag-hospital-dona-estefania","16":"tag-inem","17":"tag-latest-news","18":"tag-latestnews","19":"tag-lisboa","20":"tag-loule","21":"tag-main-news","22":"tag-mainnews","23":"tag-news","24":"tag-noticias","25":"tag-noticias-principais","26":"tag-noticiasprincipais","27":"tag-portugal","28":"tag-principais-noticias","29":"tag-principaisnoticias","30":"tag-pt","31":"tag-saude","32":"tag-sociedade","33":"tag-top-stories","34":"tag-topstories","35":"tag-ultimas","36":"tag-ultimas-noticias","37":"tag-ultimasnoticias"},"share_on_mastodon":{"url":"https:\/\/pubeurope.com\/@pt\/115493594936876690","error":""},"_links":{"self":[{"href":"https:\/\/www.europesays.com\/pt\/wp-json\/wp\/v2\/posts\/139781","targetHints":{"allow":["GET"]}}],"collection":[{"href":"https:\/\/www.europesays.com\/pt\/wp-json\/wp\/v2\/posts"}],"about":[{"href":"https:\/\/www.europesays.com\/pt\/wp-json\/wp\/v2\/types\/post"}],"author":[{"embeddable":true,"href":"https:\/\/www.europesays.com\/pt\/wp-json\/wp\/v2\/users\/2"}],"replies":[{"embeddable":true,"href":"https:\/\/www.europesays.com\/pt\/wp-json\/wp\/v2\/comments?post=139781"}],"version-history":[{"count":0,"href":"https:\/\/www.europesays.com\/pt\/wp-json\/wp\/v2\/posts\/139781\/revisions"}],"wp:featuredmedia":[{"embeddable":true,"href":"https:\/\/www.europesays.com\/pt\/wp-json\/wp\/v2\/media\/139782"}],"wp:attachment":[{"href":"https:\/\/www.europesays.com\/pt\/wp-json\/wp\/v2\/media?parent=139781"}],"wp:term":[{"taxonomy":"category","embeddable":true,"href":"https:\/\/www.europesays.com\/pt\/wp-json\/wp\/v2\/categories?post=139781"},{"taxonomy":"post_tag","embeddable":true,"href":"https:\/\/www.europesays.com\/pt\/wp-json\/wp\/v2\/tags?post=139781"}],"curies":[{"name":"wp","href":"https:\/\/api.w.org\/{rel}","templated":true}]}}