{"id":139789,"date":"2025-11-04T21:46:19","date_gmt":"2025-11-04T21:46:19","guid":{"rendered":"https:\/\/www.europesays.com\/pt\/139789\/"},"modified":"2025-11-04T21:46:19","modified_gmt":"2025-11-04T21:46:19","slug":"analise-de-arbitragem-faltou-expulsao-a-diomande-no-sporting-analise","status":"publish","type":"post","link":"https:\/\/www.europesays.com\/pt\/139789\/","title":{"rendered":"An\u00e1lise de arbitragem: faltou expuls\u00e3o a Diomande no Sporting | An\u00e1lise"},"content":{"rendered":"<p><a href=\"https:\/\/www.publico.pt\/2025\/10\/31\/desporto\/cronica_de_jogo\/sporting-comedido-repete-triunfo-alverca-2152979\" rel=\"nofollow noopener\" target=\"_blank\">Sporting-Alverca<\/a><\/p>\n<p>Minuto 10, uma entrada em tackle deslizante negligente pass\u00edvel de livre directo e de cart\u00e3o amarelo que \u00e1rbitro n\u00e3o marcou. Cedric Nuozzi acertou em cheio no tornozelo direito de Ivan Fresneda. Lance que ocorreu \u00e0 entrada, lateral, da \u00e1rea. Decis\u00e3o incorrecta<\/p>\n<p>Minuto 50, Lu\u00eds Su\u00e1rez finalizou ap\u00f3s a bola lhe ter sido passada, de cabe\u00e7a, por Gon\u00e7alo In\u00e1cio. Assistente valida o golo, mas o VAR reverte a decis\u00e3o por haver fora de jogo (8cm) do avan\u00e7ado colombiano &#8220;leonino&#8221;. Golo bem anulado.<\/p>\n<p>Minuto 52, Ousmane Diomande primeiro carrega e depois empurra com o seu bra\u00e7o esquerdo as costas de Marezi. As infrac\u00e7\u00f5es, de acordo com a lei 12 (faltas e incorrec\u00e7\u00f5es), s\u00e3o punidas onde tem in\u00edcio a sua ac\u00e7\u00e3o, excep\u00e7\u00e3o feita apenas para o agarrar. Ora, esta jogada em concreto, teve in\u00edcio da sua ac\u00e7\u00e3o fora da \u00e1rea, logo ficou por assinalar um livre directo. A quest\u00e3o est\u00e1 em termos disciplinares, pois os quatro factores que se t\u00eam de verificar para ser uma clara oportunidade de golo, e como tal, o infractor ser punido com cart\u00e3o vermelho, est\u00e3o todos l\u00e1, ou seja; jogada na direc\u00e7\u00e3o da baliza, dist\u00e2ncia curta, mais nenhum defensor a poder intervir e possibilidade de controlar a bola por parte de quem sofreu a falta. Assim sendo, Diomande deveria ter sido expulso. Como \u00e9 sabido os cart\u00f5es vermelhos directos fazem parte do protocolo, ou seja, faltou a interven\u00e7\u00e3o do VAR, em erro claro e \u00f3bvio.<\/p>\n<p>Minuto 90+3, Diomande com o seu bra\u00e7o direito no corpo de Tiago Leite e este com o seu bra\u00e7o esquerdo no bra\u00e7o e ombro do central &#8220;leonino&#8221;, est\u00e3o a agarrar-se e controlar-se mutuamente, e quando a ac\u00e7\u00e3o \u00e9 igual, simult\u00e2nea e m\u00fatua, \u00e9 para deixar seguir. Sem pen\u00e1lti.<\/p>\n<p><a href=\"https:\/\/www.publico.pt\/2025\/11\/01\/desporto\/cronica_de_jogo\/guimaraes-benfica-17-minutos-ecra-2153058\" rel=\"nofollow noopener\" target=\"_blank\">Vit\u00f3ria-Benfica<\/a><\/p>\n<p>Minuto 45+1, o facto de um jogador ter o seu p\u00e9 apoiado no solo no momento em que \u00e9 pisado de frente (n\u00e3o se tratando, por isso, de uma entrada por tr\u00e1s), \u00e9 uma atenuante para que a consequ\u00eancia da falta (no que diz respeito a colocar em risco a sua seguran\u00e7a e integridade f\u00edsica) seja menor. Dito de outra forma, esses pis\u00f5es s\u00e3o considerados negligentes, ou seja, entradas em que um jogador actua sem ter em conta o perigo e a consequ\u00eancia do seu acto, e de acordo com a lei 12, punidas apenas com cart\u00e3o amarelo. Sudakov estica a perna direita e com a sola da bota pisa o peito do p\u00e9 esquerdo e parte da articula\u00e7\u00e3o do tornozelo de Samu. Uma entrada negligente, frontal, com advers\u00e1rio com o p\u00e9 apoiado no solo. Raz\u00e3o pela qual foi s\u00f3 mostrado amarelo.<\/p>\n<p>Minuto 56, cart\u00e3o vermelho. As instru\u00e7\u00f5es dadas aos \u00e1rbitros em rela\u00e7\u00e3o a entradas de p\u00e9s no ar, desgovernados, com sola e pitons, em modo karat\u00e9, que acertam nos advers\u00e1rios, e que p\u00f5em em risco a seguran\u00e7a e integridade f\u00edsica, \u00e9 a de punir como conduta violenta. Foi muito expl\u00edcito o Conselho de Arbitragem e o seu director t\u00e9cnico com este tipo de lances e abordagens, j\u00e1 com alguns exemplos desta \u00e9poca. Este tipo de entradas \u00e9 para ser punido com cart\u00e3o vermelho. F\u00e1bio Blanco, com a sola do p\u00e9 direito, toca e acerta na parte interior do joelho direito de Leandro Barreiro e s\u00f3 depois no movimento descendente \u00e9 que acerta nos cal\u00e7\u00f5es. Boa decis\u00e3o disciplinar, vermelho para Blanco, que foi suportada pelo VAR.<\/p>\n<p><a href=\"https:\/\/www.publico.pt\/2025\/11\/02\/desporto\/cronica_de_jogo\/fc-porto-leva-pontos-sp-braga-leva-intenso-sabor-nada-2153105?ref=desporto&amp;cx=page__content\" rel=\"nofollow noopener\" target=\"_blank\">FC Porto-Sp. Braga<\/a><\/p>\n<p>Minuto 32, Jan Bednarek est\u00e1 afastado do guarda-redes bracarense cerca de dois metros e depois vai na direc\u00e7\u00e3o do guardi\u00e3o bracarense, que n\u00e3o saiu da sua posi\u00e7\u00e3o, e ao saltar carrega com o seu bra\u00e7o esquerdo o peito e pesco\u00e7o de Lukas Hornicek. Falta atacante e golo bem anulado.<\/p>\n<p>Minuto 52, Alberto Costa, com a m\u00e3o esquerda, agarra a camisola de Gustaf Lagerbielke e este com o seu bra\u00e7o direito envolve o corpo do lateral dos &#8220;drag\u00f5es&#8221;, ou seja, ambos usam os bra\u00e7os mutuamente. Nestas circunst\u00e2ncias o lance \u00e9 para seguir. Tudo legal e golo do empate bracarense legal.<\/p>\n<p>Minuto 65, Fran Navarro desvia a bola com o seu p\u00e9 direito e o esf\u00e9rico sobe e vai ao bra\u00e7o esquerdo de Alan Varela, que o tinha junto e ao longo do corpo, sem volumetria e em posi\u00e7\u00e3o natural. A bola tamb\u00e9m veio de perto, inesperada. Decis\u00e3o correcta, sem motivo para pontap\u00e9 de pen\u00e1lti.<\/p>\n","protected":false},"excerpt":{"rendered":"Sporting-Alverca Minuto 10, uma entrada em tackle deslizante negligente pass\u00edvel de livre directo e de cart\u00e3o amarelo que&hellip;\n","protected":false},"author":2,"featured_media":139790,"comment_status":"","ping_status":"","sticky":false,"template":"","format":"standard","meta":{"footnotes":""},"categories":[87],"tags":[3266,135,282,524,280,281,32,33,3099,1233,34,134],"class_list":{"0":"post-139789","1":"post","2":"type-post","3":"status-publish","4":"format-standard","5":"has-post-thumbnail","7":"category-desporto","8":"tag-arbitragem","9":"tag-desporto","10":"tag-fc-porto","11":"tag-futebol","12":"tag-futebol-nacional","13":"tag-i-liga","14":"tag-portugal","15":"tag-pt","16":"tag-sl-benfica","17":"tag-sp-braga","18":"tag-sporting","19":"tag-sports"},"share_on_mastodon":{"url":"https:\/\/pubeurope.com\/@pt\/115493626440922616","error":""},"_links":{"self":[{"href":"https:\/\/www.europesays.com\/pt\/wp-json\/wp\/v2\/posts\/139789","targetHints":{"allow":["GET"]}}],"collection":[{"href":"https:\/\/www.europesays.com\/pt\/wp-json\/wp\/v2\/posts"}],"about":[{"href":"https:\/\/www.europesays.com\/pt\/wp-json\/wp\/v2\/types\/post"}],"author":[{"embeddable":true,"href":"https:\/\/www.europesays.com\/pt\/wp-json\/wp\/v2\/users\/2"}],"replies":[{"embeddable":true,"href":"https:\/\/www.europesays.com\/pt\/wp-json\/wp\/v2\/comments?post=139789"}],"version-history":[{"count":0,"href":"https:\/\/www.europesays.com\/pt\/wp-json\/wp\/v2\/posts\/139789\/revisions"}],"wp:featuredmedia":[{"embeddable":true,"href":"https:\/\/www.europesays.com\/pt\/wp-json\/wp\/v2\/media\/139790"}],"wp:attachment":[{"href":"https:\/\/www.europesays.com\/pt\/wp-json\/wp\/v2\/media?parent=139789"}],"wp:term":[{"taxonomy":"category","embeddable":true,"href":"https:\/\/www.europesays.com\/pt\/wp-json\/wp\/v2\/categories?post=139789"},{"taxonomy":"post_tag","embeddable":true,"href":"https:\/\/www.europesays.com\/pt\/wp-json\/wp\/v2\/tags?post=139789"}],"curies":[{"name":"wp","href":"https:\/\/api.w.org\/{rel}","templated":true}]}}