{"id":139798,"date":"2025-11-04T21:57:08","date_gmt":"2025-11-04T21:57:08","guid":{"rendered":"https:\/\/www.europesays.com\/pt\/139798\/"},"modified":"2025-11-04T21:57:08","modified_gmt":"2025-11-04T21:57:08","slug":"quarta-na-tv-o-quarteto-fantastico-e-a-causa-comunista-televisao","status":"publish","type":"post","link":"https:\/\/www.europesays.com\/pt\/139798\/","title":{"rendered":"Quarta na TV: o Quarteto Fant\u00e1stico e a causa comunista | Televis\u00e3o"},"content":{"rendered":"<p>CINEMA<\/p>\n<p dir=\"ltr\"><strong><a href=\"https:\/\/cinecartaz.publico.pt\/filme\/ed-wood-84019\" rel=\"nofollow noopener\" target=\"_blank\">Ed Wood<\/a><\/strong><br \/><strong>AXN Movies, 21h10<\/strong><\/p>\n<p dir=\"ltr\">Em 1994, Tim Burton envolveu em angor\u00e1 o seu actor-fetiche, Johnny Depp, para recriar o inclassific\u00e1vel Ed Wood Jr., o autor de Plan 9 From Outer Space, inepto e inenarr\u00e1vel filme de fic\u00e7\u00e3o cient\u00edfica dos anos 1950. Valeu a Martin Landau o \u00d3scar de melhor actor secund\u00e1rio e conquistou outra estatueta dourada gra\u00e7as \u00e0 caracteriza\u00e7\u00e3o. Sarah Jessica Parker, Patricia Arquette, Vincent D\u2019Onofrio, Bill Murray e Jeffrey Jones tamb\u00e9m entram no elenco.<\/p>\n<p dir=\"ltr\"><strong><a href=\"https:\/\/cinecartaz.publico.pt\/filme\/diana-394198\" rel=\"nofollow noopener\" target=\"_blank\">Diana<\/a><\/strong><br \/><strong>Cinemundo, 22h30<\/strong><\/p>\n<p dir=\"ltr\">Uma prostituta de luxo encontra-se com um cliente num quarto junto ao Paseo de la Castellana, em Madrid. Quando ele descobre a palavra \u201cDiana\u201d tatuada na perna dela, fica curioso: ser\u00e1 esse o verdadeiro nome da rapariga? Aos poucos, durante toda essa noite, eles v\u00e3o revelando pistas sobre as suas identidades reais e os motivos que os levaram \u00e0quele momento e lugar\u2026 Com Ana Rujas e Jorge Roldan como protagonistas, este filme marca a estreia em realiza\u00e7\u00e3o em longa-metragem do espanhol Alejo Moreno.<\/p>\n<p dir=\"ltr\"><strong><a href=\"https:\/\/cinecartaz.publico.pt\/filme\/quarteto-fantastico-passos-413852\" rel=\"nofollow noopener\" target=\"_blank\">Quarteto Fant\u00e1stico: Primeiros Passos<\/a><\/strong><br \/><strong>Disney+, streaming<\/strong><\/p>\n<p dir=\"ltr\">Depois de ter emitido, em Julho, a antestreia do filme em Los Angeles, em directo do Dorothy Chandler Pavilion, a Disney+ integra no seu cat\u00e1logo, a partir desta quarta-feira, a aventura do Universo Cinematogr\u00e1fico Marvel em que a equipa de super-her\u00f3is, algures numa varia\u00e7\u00e3o retrofuturista da Terra, tem de enfrentar um deus espacial (Galactus) e a Surfista Prateada. O elenco \u00e9 estrelar: Pedro Pascal, Vanessa Kirby, Ebon Moss-Bachrach, Joseph Quinn, Ralph Ineson, Julia Garner, Natasha Lyonne e Paul Walter Hauser. A realiza\u00e7\u00e3o \u00e9 de Matt Shakman.<\/p>\n<p>S\u00c9RIE<\/p>\n<p dir=\"ltr\"><strong>Doutora Larsen<\/strong><br \/><strong>AXN, 22h<\/strong><\/p>\n<p dir=\"ltr\">Estreia da segunda temporada. Com Molly Parker na bata da \u201cdoutora\u201d titular, esta adapta\u00e7\u00e3o norte-americana do original italiano DOC (tamb\u00e9m emitido pelo AXN, com Luca Argentero no papel principal), baseia-se na hist\u00f3ria real de um m\u00e9dico que perdeu 12 anos de mem\u00f3rias depois de ter sofrido um acidente. Neste caso, \u00e9 Amy Larsen quem tenta recuperar oito anos de recorda\u00e7\u00f5es e, com isso, reconstruir a sua identidade de alguma forma, \u00e0 medida que navega as exig\u00eancias da profiss\u00e3o e as \u201csurpresas\u201d que v\u00e3o emergindo do passado.<\/p>\n<p>DOCUMENT\u00c1RIOS<\/p>\n<p dir=\"ltr\"><strong>O Inexplic\u00e1vel<\/strong><br \/><strong>Hist\u00f3ria, 22h15<\/strong><\/p>\n<p dir=\"ltr\">Novos epis\u00f3dios da s\u00e9rie em que o actor William Shatner \u2013 o eterno capit\u00e3o James T. Kirk de Star Trek, que aqui acumula as fun\u00e7\u00f5es de anfitri\u00e3o e produtor executivo \u2013 fala de locais, estruturas, criaturas, rituais e acontecimentos que ficam na hist\u00f3ria pelo seu car\u00e1cter enigm\u00e1tico. Testemunhas relatam fen\u00f3menos bizarros. Cientistas e historiadores tentam explic\u00e1-los.<\/p>\n<p dir=\"ltr\"><strong>A Causa Comunista em Portugal &#8211; 100 Anos do Partido Comunista Portugu\u00eas<\/strong><br \/><strong>RTP2, 22h56<\/strong><\/p>\n<p dir=\"ltr\">A hist\u00f3ria do mais antigo partido pol\u00edtico em actividade em Portugal \u00e9 contada neste document\u00e1rio em duas partes. Com realiza\u00e7\u00e3o de Edgar Feldman e Paulo Guerra, e autoria de Joana Dias Pereira e Giulia Strippoli, saiu em 2022, um ano depois de o Partido Comunista Portugu\u00eas ter celebrado o seu centen\u00e1rio.<\/p>\n<p dir=\"ltr\">O primeiro epis\u00f3dio vai da funda\u00e7\u00e3o, em 1921, at\u00e9 ao ano da Revolu\u00e7\u00e3o dos Cravos, 1974, e foca-se no combate \u00e0 ditadura, nos anos de clandestinidade e no contributo decisivo da organiza\u00e7\u00e3o para o 25 de Abril; o segundo, que vai para o ar dentro de uma semana, vai dessa altura at\u00e9 2021, abordando os anos do PREC &#8211; Processo Revolucion\u00e1rio em Curso, um contexto internacional marcado pela dissolu\u00e7\u00e3o da Uni\u00e3o Sovi\u00e9tica e as v\u00e1rias adapta\u00e7\u00f5es (e dissens\u00f5es) por que o partido foi passando, sem nunca perder de vista a doutrina que o rege at\u00e9 hoje.<\/p>\n<p dir=\"ltr\"><strong><a href=\"https:\/\/cinecartaz.publico.pt\/filme\/nacara-uma-e-outra-vez-412676\" rel=\"nofollow noopener\" target=\"_blank\">Na\u00e7ara, Uma e Outra Vez<\/a><\/strong><br \/><strong>RTP2, 1h03<\/strong><\/p>\n<p dir=\"ltr\">Jos\u00e9 Nascimento e Ana Pissarra realizam este \u201cdocument\u00e1rio on\u00edrico\u201d acerca de uma viagem que come\u00e7a no Algarve, com a Maurit\u00e2nia como destino, \u00e0 descoberta dos vest\u00edgios da presen\u00e7a portuguesa nesse pa\u00eds de n\u00f3madas. \u00c9 levada a cabo por uma jovem em busca de antepassados distantes, num lugar onde falar dessas liga\u00e7\u00f5es \u00e9 cada vez mais delicado. \u201cConfrontada por uma cultura muito diferente da sua\u201d, desvenda a sinopse, \u201cdescobre que o deserto \u00e9 um vasto oceano e que tudo se sonha na areia\u201d.<\/p>\n<p>        &#13;<\/p>\n<p>&#13;<br \/>\n                &#13;\n            <\/p>\n<p>&#13;<\/p>\n","protected":false},"excerpt":{"rendered":"CINEMA Ed WoodAXN Movies, 21h10 Em 1994, Tim Burton envolveu em angor\u00e1 o seu actor-fetiche, Johnny Depp, para&hellip;\n","protected":false},"author":2,"featured_media":139799,"comment_status":"","ping_status":"","sticky":false,"template":"","format":"standard","meta":{"footnotes":""},"categories":[142],"tags":[470,1413,1414,114,115,294,32,33,291,941,940,218,151],"class_list":{"0":"post-139798","1":"post","2":"type-post","3":"status-publish","4":"format-standard","5":"has-post-thumbnail","7":"category-tv","8":"tag-cinema","9":"tag-cultura-ipsilon","10":"tag-documentario","11":"tag-entertainment","12":"tag-entretenimento","13":"tag-lazer","14":"tag-portugal","15":"tag-pt","16":"tag-relaxar","17":"tag-series","18":"tag-streaming","19":"tag-televisao","20":"tag-tv"},"share_on_mastodon":{"url":"https:\/\/pubeurope.com\/@pt\/115493669878642884","error":""},"_links":{"self":[{"href":"https:\/\/www.europesays.com\/pt\/wp-json\/wp\/v2\/posts\/139798","targetHints":{"allow":["GET"]}}],"collection":[{"href":"https:\/\/www.europesays.com\/pt\/wp-json\/wp\/v2\/posts"}],"about":[{"href":"https:\/\/www.europesays.com\/pt\/wp-json\/wp\/v2\/types\/post"}],"author":[{"embeddable":true,"href":"https:\/\/www.europesays.com\/pt\/wp-json\/wp\/v2\/users\/2"}],"replies":[{"embeddable":true,"href":"https:\/\/www.europesays.com\/pt\/wp-json\/wp\/v2\/comments?post=139798"}],"version-history":[{"count":0,"href":"https:\/\/www.europesays.com\/pt\/wp-json\/wp\/v2\/posts\/139798\/revisions"}],"wp:featuredmedia":[{"embeddable":true,"href":"https:\/\/www.europesays.com\/pt\/wp-json\/wp\/v2\/media\/139799"}],"wp:attachment":[{"href":"https:\/\/www.europesays.com\/pt\/wp-json\/wp\/v2\/media?parent=139798"}],"wp:term":[{"taxonomy":"category","embeddable":true,"href":"https:\/\/www.europesays.com\/pt\/wp-json\/wp\/v2\/categories?post=139798"},{"taxonomy":"post_tag","embeddable":true,"href":"https:\/\/www.europesays.com\/pt\/wp-json\/wp\/v2\/tags?post=139798"}],"curies":[{"name":"wp","href":"https:\/\/api.w.org\/{rel}","templated":true}]}}