{"id":139806,"date":"2025-11-04T22:07:08","date_gmt":"2025-11-04T22:07:08","guid":{"rendered":"https:\/\/www.europesays.com\/pt\/139806\/"},"modified":"2025-11-04T22:07:08","modified_gmt":"2025-11-04T22:07:08","slug":"grande-entrevista-andre-ventura-quer-ser-o-presidente-dos-portugueses-comuns","status":"publish","type":"post","link":"https:\/\/www.europesays.com\/pt\/139806\/","title":{"rendered":"Grande Entrevista. Andr\u00e9 Ventura quer ser o presidente dos &#8220;portugueses comuns&#8221;"},"content":{"rendered":"<p>                (em atualiza\u00e7\u00e3o)<\/p>\n<p>&#13;<br \/>\n\u201c<b>Eu candidato-me sempre para vencer e acho que o Chega tem condi\u00e7\u00f5es (\u2026) de dar este aban\u00e3o no sistema<\/b> que nos parece importante nestas elei\u00e7\u00f5es presidenciais. Portanto candidatamo-nos para vencer\u201d, come\u00e7ou por vincar.&#13;\n<\/p>\n<p>&#13;<br \/>\nAndr\u00e9 Ventura explicou que quer ser um \u201cator de transforma\u00e7\u00e3o contra a corrup\u00e7\u00e3o, contra a imigra\u00e7\u00e3o descontrolada no pa\u00eds, contra a bandalheira em que nos torn\u00e1mos em v\u00e1rias mat\u00e9rias, at\u00e9 em termos econ\u00f3micos\u201d.&#13;\n<\/p>\n<p>Falando nos \u201cestilos diferentes\u201d que o pa\u00eds tem tido na Presid\u00eancia da Rep\u00fablica, o l\u00edder do Chega considerou que nenhum dos presidentes depois do 25 de Abril foi \u201cincr\u00edvel\u201d.<\/p>\n<p>\u201cPor\u00e9m, de todos, o [melhor] modelo foi Ramalho Eanes, porque foi o \u00fanico que teve a seriedade suficiente e tentou p\u00f4r o pa\u00eds na ordem\u201d, que \u201c\u00e9 o que eu quero fazer tamb\u00e9m\u201d, declarou.<\/p>\n<p>Reiterando que se candidatou com um sentido de miss\u00e3o e que teria apoiado Pedro Passos Coelho se este avan\u00e7asse para a corrida, Ventura disse que <b>\u201ctodos percebem, \u00e0 direita, ao centro-direita e mesmo no centro democr\u00e1tico que Gouveia e Melo n\u00e3o podia ser o nosso candidato\u201d<\/b>.<\/p>\n<p>\u201cPedro Passos Coelho cometeu erros, por\u00e9m vejo nele a seriedade, os valor e sobretudo a capacidade que teve de se adaptar a este novo tempo, por exemplo em mat\u00e9ria de imigra\u00e7\u00e3o\u201d, frisou.&#13;\n<\/p>\n<p>&#8220;Portugueses comuns&#8221; \u00e0 frente das &#8220;minorias ruidosas&#8221;<br \/>\nNa vis\u00e3o do candidato do Chega, o presidente deve ser um \u201cfiltro da Rep\u00fablica\u201d e um \u201cescrutinador da Rep\u00fablica\u201d.<\/p>\n<p>\u201c<b>O presidente da Rep\u00fablica, com a legitimidade que tem, n\u00e3o se pode tornar numa figura de corta-fitas. Tem de servir para alguma coisa. <\/b>E isso \u00e9 ser um bar\u00f3metro e ser um filtro na luta contra a corrup\u00e7\u00e3o, por exemplo\u201d, determinou.<\/p>\n<p>&#13;<br \/>\n\u201cAcho que nos estamos a tornar num pa\u00eds de corrup\u00e7\u00e3o end\u00e9mica e eu quero acabar com isso\u201d.&#13;\n<\/p>\n<p>          <img decoding=\"async\" itemprop=\"image\" class=\"img-fluid\"   src=\"https:\/\/www.europesays.com\/pt\/wp-content\/uploads\/2025\/11\/6c3b6453be0b90eb2bb367e4369721aa_N.jpg\"\/><\/p>\n<p>Questionado sobre se ser\u00e1 presidente de todos os portugueses ou se far\u00e1 distin\u00e7\u00e3o entre os \u201cportugueses de bem\u201d, Andr\u00e9 Ventura respondeu que entende \u201ca quest\u00e3o simb\u00f3lica de unidade\u201d mas que <b>\u201cos portugueses precisam de um presidente que coloque os portugueses comuns \u00e0 frente, e n\u00e3o as minorias ruidosas\u201d.<\/b><\/p>\n<p>\u201cCom isto n\u00e3o estou a dizer que vou perseguir A, B ou C. Vou \u00e9 dizer pela primeira vez aos portugueses comuns, aos que pagam impostos, que sustentam o pa\u00eds, que v\u00e3o ter um Estado para eles tamb\u00e9m\u201d, elucidou.<\/p>\n<p>&#13;<br \/>\n\u201cN\u00e3o serei o presidente de todos no sentido em que n\u00e3o serei o presidente dos criminosos que v\u00eam do Brasil para Portugal e ficam c\u00e1 a viver\u201d, continuou o candidato. &#8220;Tamb\u00e9m n\u00e3o serei o presidente daqueles que h\u00e1 anos, ou h\u00e1 s\u00e9culos, est\u00e3o neste pa\u00eds mas n\u00e3o conseguem pagar impostos, nem integrar-se, nem cumprir as nossas leis\u201d.&#13;\n<\/p>\n<p>\u201cPod\u00edamos ser uma Calif\u00f3rnia da Europa\u201d<br \/>\nSobre os \u00faltimos 50 anos de democracia, Andr\u00e9 Ventura reconheceu que existiram progressos, mas que \u201ca democracia e este regime serviram para encher os bolsos a muita gente\u201d.<\/p>\n<p><b>\u201cEm 50 anos n\u00f3s tivemos uma corrup\u00e7\u00e3o espalhada por todo o lado, que enriqueceu uma casta de pessoas que se sucedem nos cargos pol\u00edticos ou s\u00e3o fam\u00edlia uns dos outros\u201d<\/b>, afirmou.<\/p>\n<p>Para o candidato, \u201co pa\u00eds melhorou em muitas coisas, evidentemente\u201d, mas \u201c\u00e9 ing\u00e9nuo comparar o pa\u00eds dos anos 2020 com o pa\u00eds dos anos 1960\u201d.<\/p>\n<p>\u201cPod\u00edamos ser uma Calif\u00f3rnia da Europa, pod\u00edamos ser uma Su\u00ed\u00e7a, mas n\u00e3o somos porque houve gaman\u00e7o e corrup\u00e7\u00e3o em todo o lado\u201d, disse.<\/p>\n","protected":false},"excerpt":{"rendered":"(em atualiza\u00e7\u00e3o) &#13; \u201cEu candidato-me sempre para vencer e acho que o Chega tem condi\u00e7\u00f5es (\u2026) de dar&hellip;\n","protected":false},"author":2,"featured_media":139807,"comment_status":"","ping_status":"","sticky":false,"template":"","format":"standard","meta":{"footnotes":""},"categories":[8],"tags":[3386,27,28,2258,15,16,14,25,26,21,22,12,13,19,20,32,5215,23,24,33,17,18,29,30,31],"class_list":{"0":"post-139806","1":"post","2":"type-post","3":"status-publish","4":"format-standard","5":"has-post-thumbnail","7":"category-principais-noticias","8":"tag-andre-ventura","9":"tag-breaking-news","10":"tag-breakingnews","11":"tag-eleicoes","12":"tag-featured-news","13":"tag-featurednews","14":"tag-headlines","15":"tag-latest-news","16":"tag-latestnews","17":"tag-main-news","18":"tag-mainnews","19":"tag-news","20":"tag-noticias","21":"tag-noticias-principais","22":"tag-noticiasprincipais","23":"tag-portugal","24":"tag-presidenciais","25":"tag-principais-noticias","26":"tag-principaisnoticias","27":"tag-pt","28":"tag-top-stories","29":"tag-topstories","30":"tag-ultimas","31":"tag-ultimas-noticias","32":"tag-ultimasnoticias"},"share_on_mastodon":{"url":"https:\/\/pubeurope.com\/@pt\/115493709462381770","error":""},"_links":{"self":[{"href":"https:\/\/www.europesays.com\/pt\/wp-json\/wp\/v2\/posts\/139806","targetHints":{"allow":["GET"]}}],"collection":[{"href":"https:\/\/www.europesays.com\/pt\/wp-json\/wp\/v2\/posts"}],"about":[{"href":"https:\/\/www.europesays.com\/pt\/wp-json\/wp\/v2\/types\/post"}],"author":[{"embeddable":true,"href":"https:\/\/www.europesays.com\/pt\/wp-json\/wp\/v2\/users\/2"}],"replies":[{"embeddable":true,"href":"https:\/\/www.europesays.com\/pt\/wp-json\/wp\/v2\/comments?post=139806"}],"version-history":[{"count":0,"href":"https:\/\/www.europesays.com\/pt\/wp-json\/wp\/v2\/posts\/139806\/revisions"}],"wp:featuredmedia":[{"embeddable":true,"href":"https:\/\/www.europesays.com\/pt\/wp-json\/wp\/v2\/media\/139807"}],"wp:attachment":[{"href":"https:\/\/www.europesays.com\/pt\/wp-json\/wp\/v2\/media?parent=139806"}],"wp:term":[{"taxonomy":"category","embeddable":true,"href":"https:\/\/www.europesays.com\/pt\/wp-json\/wp\/v2\/categories?post=139806"},{"taxonomy":"post_tag","embeddable":true,"href":"https:\/\/www.europesays.com\/pt\/wp-json\/wp\/v2\/tags?post=139806"}],"curies":[{"name":"wp","href":"https:\/\/api.w.org\/{rel}","templated":true}]}}