{"id":139810,"date":"2025-11-04T22:11:09","date_gmt":"2025-11-04T22:11:09","guid":{"rendered":"https:\/\/www.europesays.com\/pt\/139810\/"},"modified":"2025-11-04T22:11:09","modified_gmt":"2025-11-04T22:11:09","slug":"marisa-susana-desconfia-de-pedro-se-voces-tem-um-segredo-em-comum-secret-story","status":"publish","type":"post","link":"https:\/\/www.europesays.com\/pt\/139810\/","title":{"rendered":"Marisa Susana desconfia de Pedro: \u00abSe voc\u00eas t\u00eam um segredo em comum&#8230;\u00bb &#8211; Secret Story"},"content":{"rendered":"<p>No Secret Story 9,\u00a0Marisa revelou no confession\u00e1rio com Cristina Ferreira, que est\u00e1 a sofrer muito por causa de Pedro Jorge e confessa que sente raiva dele e de tudo o que est\u00e1 a passar. Depois do direto, Marisa recebe o carinho dos colegas para se acalmar, mas acaba por fazer desabafos sobre a postura do marido. Enquanto isso, junto \u00e0 piscina, Pedro conversa com Marisa Susana sobre o que aconteceu. A concorrente mostra-se muito desconfiada, tentando arrancar algum tipo de informa\u00e7\u00e3o sobre o segredo de Pedro.<\/p>\n<p>H\u00e1 cinco nomeados em risco de sair j\u00e1 no pr\u00f3ximo domingo.<strong> VOTE PARA SALVAR:\u00a0<\/strong><\/p>\n<p><strong>ANA CRISTINA \u2013 761 20 20 02<\/strong><\/p>\n<p><strong>BRUNO \u2013 761 20 20 04<\/strong><\/p>\n<p><strong>IN\u00caS \u2013 761 20 20 10<\/strong><\/p>\n<p><strong>PEDRO \u2013 761 20 20 18<\/strong><\/p>\n<p><strong>RAQUEL \u2013 761 20 20 22<\/strong><\/p>\n<p><a href=\"https:\/\/tvi.iol.pt\/secretstory\/aominuto\" rel=\"nofollow noopener\" target=\"_blank\">Acompanhe tudo o que se passa na casa mais vigiada do Pa\u00eds , no TVI Reality, na TVI e ao minuto no site do Secret Story.<\/a><\/p>\n","protected":false},"excerpt":{"rendered":"No Secret Story 9,\u00a0Marisa revelou no confession\u00e1rio com Cristina Ferreira, que est\u00e1 a sofrer muito por causa de&hellip;\n","protected":false},"author":2,"featured_media":139811,"comment_status":"","ping_status":"","sticky":false,"template":"","format":"standard","meta":{"footnotes":""},"categories":[142],"tags":[114,115,19033,19034,32,33,151,19032],"class_list":{"0":"post-139810","1":"post","2":"type-post","3":"status-publish","4":"format-standard","5":"has-post-thumbnail","7":"category-tv","8":"tag-entertainment","9":"tag-entretenimento","10":"tag-galas-em-video","11":"tag-melhores-momentos-casa-dos-segredos","12":"tag-portugal","13":"tag-pt","14":"tag-tv","15":"tag-videos-secret-story-tvi"},"share_on_mastodon":{"url":"https:\/\/pubeurope.com\/@pt\/115493724816854084","error":""},"_links":{"self":[{"href":"https:\/\/www.europesays.com\/pt\/wp-json\/wp\/v2\/posts\/139810","targetHints":{"allow":["GET"]}}],"collection":[{"href":"https:\/\/www.europesays.com\/pt\/wp-json\/wp\/v2\/posts"}],"about":[{"href":"https:\/\/www.europesays.com\/pt\/wp-json\/wp\/v2\/types\/post"}],"author":[{"embeddable":true,"href":"https:\/\/www.europesays.com\/pt\/wp-json\/wp\/v2\/users\/2"}],"replies":[{"embeddable":true,"href":"https:\/\/www.europesays.com\/pt\/wp-json\/wp\/v2\/comments?post=139810"}],"version-history":[{"count":0,"href":"https:\/\/www.europesays.com\/pt\/wp-json\/wp\/v2\/posts\/139810\/revisions"}],"wp:featuredmedia":[{"embeddable":true,"href":"https:\/\/www.europesays.com\/pt\/wp-json\/wp\/v2\/media\/139811"}],"wp:attachment":[{"href":"https:\/\/www.europesays.com\/pt\/wp-json\/wp\/v2\/media?parent=139810"}],"wp:term":[{"taxonomy":"category","embeddable":true,"href":"https:\/\/www.europesays.com\/pt\/wp-json\/wp\/v2\/categories?post=139810"},{"taxonomy":"post_tag","embeddable":true,"href":"https:\/\/www.europesays.com\/pt\/wp-json\/wp\/v2\/tags?post=139810"}],"curies":[{"name":"wp","href":"https:\/\/api.w.org\/{rel}","templated":true}]}}