{"id":139812,"date":"2025-11-04T22:12:09","date_gmt":"2025-11-04T22:12:09","guid":{"rendered":"https:\/\/www.europesays.com\/pt\/139812\/"},"modified":"2025-11-04T22:12:09","modified_gmt":"2025-11-04T22:12:09","slug":"guerreiras-do-k-pop-a-personagem-que-foi-criada-sete-anos-antes-da-animacao","status":"publish","type":"post","link":"https:\/\/www.europesays.com\/pt\/139812\/","title":{"rendered":"Guerreiras do K-Pop: A personagem que foi criada sete anos antes da anima\u00e7\u00e3o"},"content":{"rendered":"<p>Em <a href=\"https:\/\/recreio.com.br\/tags\/guerreiras-do-k-pop\" rel=\"nofollow noopener\" target=\"_blank\">\u201cGuerreiras do K-Pop\u201d<\/a>, uma personagem nasceu muito antes do filme se tornar um estrondoso sucesso pelo mundo. A Recreio te conta abaixo quem foi ela e como ela se parecia antes de se tornar um verdadeiro fen\u00f4meno.<\/p>\n<p>Se as HUNTR\/X s\u00e3o um verdadeiro sucesso com suas can\u00e7\u00f5es e com um filme que se tornou o mais visto da hist\u00f3ria da Netflix, tudo poderia ter tido um caminho um pouco diferente. <strong><a href=\"https:\/\/www.instagram.com\/nutmags\/\" rel=\"nofollow noopener\" target=\"_blank\">Maggie Kang<\/a><\/strong>, diretora da anima\u00e7\u00e3o, contou ao site Mashable que a primeira cria\u00e7\u00e3o para o desenho foi Rumi, a vocalista principal.<\/p>\n<p>Segundo a criadora, Rumi faria parte de um projeto completamente diferente do que acabou protagonizado por ela, j\u00e1 que a personagem se tornou parte do fen\u00f4meno.<\/p>\n<blockquote>\n<p>\u201cEla foi criada para um projeto no qual meu parceiro estava trabalhando. Ele tem um grupo de skate que ele criou e queria criar uma nova personagem. Ent\u00e3o, n\u00f3s dois nos sentamos e pensamos: vamos fazer uma personagem coreana. E assim nasceu o design da Rumi, e eu gostei tanto da personagem que a escolhi para \u2018Guerreiras do K-Pop&#8217;\u201d, afirmou Kang.<\/p>\n<\/blockquote>\n<p>Outro ponto que <strong>Kang<\/strong> destaca \u00e9 a inspira\u00e7\u00e3o em Buffy, outro \u00edcone da cultura pop. Segundo ela, Rumi sempre teve a natureza durona e precisava de personagens para complementar essa personalidade, da\u00ed surgiu Zoey e Mira e, s\u00f3 ent\u00e3o, a tem\u00e1tica k-pop foi inclu\u00edda na trama.<\/p>\n<blockquote>\n<p>\u201cRumi era uma garota durona, e eu precisava de outras duas garotas t\u00e3o duronas quanto ela. Ent\u00e3o, era como um grupo de ca\u00e7adores de dem\u00f4nios no estilo de Buffy, a Ca\u00e7a-Vampiros , e o K-pop veio por \u00faltimo. Era mais um elemento coreano que eu podia adicionar e usar como sua persona p\u00fablica.\u201d<\/p>\n<\/blockquote>\n<p> <img loading=\"lazy\" decoding=\"async\" class=\"wp-image-55190 size-full img-fluid lazy\" alt=\"Cena da anima\u00e7\u00e3o 'Guerreiras do K-Pop'\" width=\"1280\" height=\"720\" src=\"https:\/\/www.europesays.com\/pt\/wp-content\/uploads\/2025\/11\/rumi-huntrx-golden-capa.jpg\"  \/>Cena da anima\u00e7\u00e3o \u2018Guerreiras do K-Pop\u2019 \u2013 Reprodu\u00e7\u00e3o\/Netflix <strong>Mais sobre \u201cGuerreiras do K-pop\u201d<\/strong> <\/p>\n<p>Criado por <strong>Maggie Kang<\/strong> e <strong>Chris Appelhans, <\/strong>\u201cGuerreiras do K-Pop\u201d \u00e9 um fen\u00f4meno de 2025 da Sony Animations e da Netflix. O longa-metragem em anima\u00e7\u00e3o acompanha Rumi, Mira e Zoey: tr\u00eas idols de k-pop que tem uma legi\u00e3o de f\u00e3s como HUNTR\/X e tamb\u00e9m ca\u00e7am dem\u00f4nios para proteger o mundo contra as criaturas mal\u00e9ficas.<\/p>\n<p>No entanto, a tarefa fica complicada quando surgem os Saja Boys \u2013 um boygroup demon\u00edaco \u2013 que acabam roubando o cora\u00e7\u00e3o dos admiradores com um plano ainda maior, e o envolvimento entre Rumi e o l\u00edder dos rivais, Jinu, pode botar tudo a perder. Recheado de hits e momentos que celebram a m\u00fasica, amor e a amizade, <a href=\"https:\/\/pt.wikipedia.org\/wiki\/KPop_Demon_Hunters\" rel=\"nofollow noopener\" target=\"_blank\">\u201cGuerreiras do K-Pop\u201d<\/a> est\u00e1 dispon\u00edvel na <a href=\"https:\/\/www.netflix.com\/br\/title\/81498621\" rel=\"nofollow noopener\" target=\"_blank\">Netflix<\/a>.<\/p>\n<p>\t                                            <script async src=\"\/\/www.instagram.com\/embed.js\"><\/script><\/p>\n","protected":false},"excerpt":{"rendered":"Em \u201cGuerreiras do K-Pop\u201d, uma personagem nasceu muito antes do filme se tornar um estrondoso sucesso pelo mundo.&hellip;\n","protected":false},"author":2,"featured_media":93933,"comment_status":"","ping_status":"","sticky":false,"template":"","format":"standard","meta":{"footnotes":""},"categories":[141],"tags":[1415,114,115,4550,149,150,716,32,33],"class_list":{"0":"post-139812","1":"post","2":"type-post","3":"status-publish","4":"format-standard","5":"has-post-thumbnail","7":"category-musica","8":"tag-animacao","9":"tag-entertainment","10":"tag-entretenimento","11":"tag-guerreiras-do-k-pop","12":"tag-music","13":"tag-musica","14":"tag-netflix","15":"tag-portugal","16":"tag-pt"},"share_on_mastodon":{"url":"https:\/\/pubeurope.com\/@pt\/115493728803863671","error":""},"_links":{"self":[{"href":"https:\/\/www.europesays.com\/pt\/wp-json\/wp\/v2\/posts\/139812","targetHints":{"allow":["GET"]}}],"collection":[{"href":"https:\/\/www.europesays.com\/pt\/wp-json\/wp\/v2\/posts"}],"about":[{"href":"https:\/\/www.europesays.com\/pt\/wp-json\/wp\/v2\/types\/post"}],"author":[{"embeddable":true,"href":"https:\/\/www.europesays.com\/pt\/wp-json\/wp\/v2\/users\/2"}],"replies":[{"embeddable":true,"href":"https:\/\/www.europesays.com\/pt\/wp-json\/wp\/v2\/comments?post=139812"}],"version-history":[{"count":0,"href":"https:\/\/www.europesays.com\/pt\/wp-json\/wp\/v2\/posts\/139812\/revisions"}],"wp:featuredmedia":[{"embeddable":true,"href":"https:\/\/www.europesays.com\/pt\/wp-json\/wp\/v2\/media\/93933"}],"wp:attachment":[{"href":"https:\/\/www.europesays.com\/pt\/wp-json\/wp\/v2\/media?parent=139812"}],"wp:term":[{"taxonomy":"category","embeddable":true,"href":"https:\/\/www.europesays.com\/pt\/wp-json\/wp\/v2\/categories?post=139812"},{"taxonomy":"post_tag","embeddable":true,"href":"https:\/\/www.europesays.com\/pt\/wp-json\/wp\/v2\/tags?post=139812"}],"curies":[{"name":"wp","href":"https:\/\/api.w.org\/{rel}","templated":true}]}}