{"id":139854,"date":"2025-11-04T23:21:18","date_gmt":"2025-11-04T23:21:18","guid":{"rendered":"https:\/\/www.europesays.com\/pt\/139854\/"},"modified":"2025-11-04T23:21:18","modified_gmt":"2025-11-04T23:21:18","slug":"trump-prepara-operacao-militar-secreta-no-mexico-para-atacar-os-carteis-de-droga","status":"publish","type":"post","link":"https:\/\/www.europesays.com\/pt\/139854\/","title":{"rendered":"Trump prepara opera\u00e7\u00e3o militar secreta no M\u00e9xico para atacar os cart\u00e9is de droga"},"content":{"rendered":"<p>A administra\u00e7\u00e3o do Presidente Donald Trump ter\u00e1 iniciado planos detalhados para <strong>uma nova miss\u00e3o militar no M\u00e9xico<\/strong>, com o objetivo de <strong>atacar diretamente os cart\u00e9is de droga<\/strong>, segundo um exclusivo da NBC News, que cita dois atuais funcion\u00e1rios norte-americanos e dois antigos altos funcion\u00e1rios familiarizados com o assunto.<\/p>\n<p>De acordo com os meios de comunica\u00e7\u00e3o social, o plano previa o <strong>envio de tropas e agentes de informa\u00e7\u00e3o norte-americanos<\/strong> para o M\u00e9xico, o que representaria uma rutura dr\u00e1stica com a tradicional pol\u00edtica de coopera\u00e7\u00e3o discreta que Washington tem mantido com o governo mexicano, <a href=\"https:\/\/pt.euronews.com\/2025\/01\/09\/presidente-do-mexico-troca-de-trump-por-causa-da-sua-ideia-do-golfo-da-america\" rel=\"nofollow noopener\" target=\"_blank\"><strong>atualmente liderado por Claudia Sheinbaum<\/strong><\/a>. As primeiras fases de treino para a referida opera\u00e7\u00e3o secreta j\u00e1 ter\u00e3o come\u00e7ado, embora ainda n\u00e3o tenha sido tomada uma decis\u00e3o final sobre ela, segundo fontes consultadas pelos media.<\/p>\n<p>As autoridades explicaram que as tropas, principalmente do Comando Conjunto de Opera\u00e7\u00f5es Especiais (JSOC), operariam sob a autoridade da comunidade de intelig\u00eancia dos EUA (T\u00edtulo 50), o que permitiria uma <strong>a\u00e7\u00e3o secreta<\/strong>. <strong>Agentes da CIA<\/strong> tamb\u00e9m estariam envolvidos, segundo a &#8220;NBC News&#8221;.<\/p>\n<p>Ataques com drones contra laborat\u00f3rios de droga<\/p>\n<p>O projeto incluiria <strong>ataques com drones contra laborat\u00f3rios de droga e l\u00edderes criminosos<\/strong>, alguns dos quais exigiriam a presen\u00e7a de operadores americanos em solo mexicano. Em fevereiro, o Departamento de Estado designou seis cart\u00e9is mexicanos, juntamente com o grupo salvadorenho MS-13 e o gangue venezuelano, Tren de Aragua, como <a href=\"https:\/\/pt.euronews.com\/2025\/03\/16\/eua-deportam-mais-de-230-reclusos-do-gangue-tren-de-aragua-para-el-salvador\" rel=\"nofollow noopener\" target=\"_blank\"><strong>organiza\u00e7\u00f5es terroristas estrangeiras<\/strong><\/a>, uma medida que confere \u00e0s ag\u00eancias norte-americanas maior autoridade legal para conduzir opera\u00e7\u00f5es secretas.<\/p>\n<p>Se for aprovada, esta ser\u00e1 a <strong>primeira vez que os EUA conduzem opera\u00e7\u00f5es militares diretas no M\u00e9xico<\/strong>, segundo o relat\u00f3rio. Ao contr\u00e1rio das miss\u00f5es anteriores, que se centravam mais nas informa\u00e7\u00f5es ou no apoio \u00e0s for\u00e7as locais, esta envolveria ac\u00e7\u00f5es ofensivas secretas contra alvos dos cart\u00e9is.<\/p>\n<p>Um alto funcion\u00e1rio citado pela &#8220;NBC News&#8221; disse que a administra\u00e7\u00e3o Trump est\u00e1 empenhada em usar <strong>&#8220;todo o aparato do Estado<\/strong>&#8221; para combater a amea\u00e7a que os cart\u00e9is representam para os cidad\u00e3os americanos. Nem a CIA nem o Pent\u00e1gono fizeram coment\u00e1rios sobre o relat\u00f3rio.<\/p>\n<p>&#8220;O M\u00e9xico n\u00e3o se subordina&#8221;, diz Sheinbaum<\/p>\n<p>A poss\u00edvel interven\u00e7\u00e3o gerou <a href=\"https:\/\/pt.euronews.com\/2025\/09\/17\/presidente-do-mexico-assinala-independencia-nenhuma-potencia-estrangeira-toma-decisoes-por\" rel=\"nofollow noopener\" target=\"_blank\"><strong>tens\u00f5es diplom\u00e1ticas<\/strong><\/a>. Na sequ\u00eancia de uma reportagem anterior da NBC News, em abril, sobre a possibilidade de ataques com drones, a presidente mexicana, Claudia Sheinbaum, rejeitou <strong>&#8220;qualquer forma de interven\u00e7\u00e3o ou interfer\u00eancia&#8221;.<\/strong> <\/p>\n<p>&#8220;O M\u00e9xico coordena e colabora, mas n\u00e3o se subordina&#8221;, afirmou, de acordo com uma tradu\u00e7\u00e3o divulgada pela Embaixada do M\u00e9xico em Washington.<\/p>\n<p>Embora a administra\u00e7\u00e3o americana prefira atuar em coordena\u00e7\u00e3o com o governo mexicano, <strong>a op\u00e7\u00e3o de operar sem autoriza\u00e7\u00e3o mexicana n\u00e3o foi descartada<\/strong>, disseram as fontes.<\/p>\n<p>O plano faz parte da <strong>campanha militar de Trump contra o tr\u00e1fico de drogas no hemisf\u00e9rio ocidental<\/strong>, que j\u00e1 incluiu <a href=\"https:\/\/pt.euronews.com\/2025\/09\/03\/trump-anuncia-que-ataque-dos-eua-a-barco-venezuelano-matou-11-narcoterroristas\" rel=\"nofollow noopener\" target=\"_blank\"><strong>ataques a embarca\u00e7\u00f5es supostamente ligadas ao tr\u00e1fico de drogas perto da Venezuela<\/strong><\/a>. De acordo com o Pent\u00e1gono, essas opera\u00e7\u00f5es deixaram 64 mortos, embora at\u00e9 agora <strong>n\u00e3o tenham sido apresentadas provas p\u00fablicas que<\/strong> corroborem as alega\u00e7\u00f5es.<\/p>\n<p>Trump tem argumentado que os cart\u00e9is mexicanos e venezuelanos representam uma <strong>amea\u00e7a direta \u00e0 seguran\u00e7a nacional<\/strong> e tem defendido o uso da for\u00e7a em resposta. &#8220;Tenho grande respeito pela presidente do M\u00e9xico, uma mulher corajosa, mas o M\u00e9xico \u00e9 controlado pelos cart\u00e9is&#8221;, disse recentemente.<\/p>\n","protected":false},"excerpt":{"rendered":"A administra\u00e7\u00e3o do Presidente Donald Trump ter\u00e1 iniciado planos detalhados para uma nova miss\u00e3o militar no M\u00e9xico, com&hellip;\n","protected":false},"author":2,"featured_media":139855,"comment_status":"","ping_status":"","sticky":false,"template":"","format":"standard","meta":{"footnotes":""},"categories":[50],"tags":[27,28,92,413,15,16,14,25,26,21,22,1872,62,7808,12,13,19,20,23,24,17,18,2953,29,30,31,63,64,65],"class_list":{"0":"post-139854","1":"post","2":"type-post","3":"status-publish","4":"format-standard","5":"has-post-thumbnail","7":"category-mundo","8":"tag-breaking-news","9":"tag-breakingnews","10":"tag-donald-trump","11":"tag-eua","12":"tag-featured-news","13":"tag-featurednews","14":"tag-headlines","15":"tag-latest-news","16":"tag-latestnews","17":"tag-main-news","18":"tag-mainnews","19":"tag-mexico","20":"tag-mundo","21":"tag-narcotrafico","22":"tag-news","23":"tag-noticias","24":"tag-noticias-principais","25":"tag-noticiasprincipais","26":"tag-principais-noticias","27":"tag-principaisnoticias","28":"tag-top-stories","29":"tag-topstories","30":"tag-trafico-de-droga","31":"tag-ultimas","32":"tag-ultimas-noticias","33":"tag-ultimasnoticias","34":"tag-world","35":"tag-world-news","36":"tag-worldnews"},"share_on_mastodon":{"url":"https:\/\/pubeurope.com\/@pt\/115493999927464674","error":""},"_links":{"self":[{"href":"https:\/\/www.europesays.com\/pt\/wp-json\/wp\/v2\/posts\/139854","targetHints":{"allow":["GET"]}}],"collection":[{"href":"https:\/\/www.europesays.com\/pt\/wp-json\/wp\/v2\/posts"}],"about":[{"href":"https:\/\/www.europesays.com\/pt\/wp-json\/wp\/v2\/types\/post"}],"author":[{"embeddable":true,"href":"https:\/\/www.europesays.com\/pt\/wp-json\/wp\/v2\/users\/2"}],"replies":[{"embeddable":true,"href":"https:\/\/www.europesays.com\/pt\/wp-json\/wp\/v2\/comments?post=139854"}],"version-history":[{"count":0,"href":"https:\/\/www.europesays.com\/pt\/wp-json\/wp\/v2\/posts\/139854\/revisions"}],"wp:featuredmedia":[{"embeddable":true,"href":"https:\/\/www.europesays.com\/pt\/wp-json\/wp\/v2\/media\/139855"}],"wp:attachment":[{"href":"https:\/\/www.europesays.com\/pt\/wp-json\/wp\/v2\/media?parent=139854"}],"wp:term":[{"taxonomy":"category","embeddable":true,"href":"https:\/\/www.europesays.com\/pt\/wp-json\/wp\/v2\/categories?post=139854"},{"taxonomy":"post_tag","embeddable":true,"href":"https:\/\/www.europesays.com\/pt\/wp-json\/wp\/v2\/tags?post=139854"}],"curies":[{"name":"wp","href":"https:\/\/api.w.org\/{rel}","templated":true}]}}