{"id":139879,"date":"2025-11-04T23:51:42","date_gmt":"2025-11-04T23:51:42","guid":{"rendered":"https:\/\/www.europesays.com\/pt\/139879\/"},"modified":"2025-11-04T23:51:42","modified_gmt":"2025-11-04T23:51:42","slug":"horas-extraordinarias-e-apoio-a-deslocacao-por-pagar-a-professores-jornal-de-noticias","status":"publish","type":"post","link":"https:\/\/www.europesays.com\/pt\/139879\/","title":{"rendered":"Horas extraordin\u00e1rias e apoio \u00e0 desloca\u00e7\u00e3o por pagar a professores &#8211; Jornal de Not\u00edcias"},"content":{"rendered":"<ol>\n<li><a href=\"https:\/\/news.google.com\/rss\/articles\/CBMirgFBVV95cUxPRWdEZG1ZYmJZMVZGZC1lY0txc3l5SFc0VjYyT280MVpINVpnSklBM2lUU0JxMkluTzRUNFVTbkJTU3ZQVGpIOVpVOHU2X1hBTnBwXy1YTEJaUDJFYUxOdlBjdklTTXJmVm5tcGNxN29oNXBGNHEyb255RzdKYnRzQ2F3TnJfcWx2XzE0YmFTVy00YU5BSnlxWU1UdHYxc1hiaHYzd0Z2c2JzUkdQNGc?oc=5\" target=\"_blank\" rel=\"nofollow noopener\">Horas extraordin\u00e1rias e apoio \u00e0 desloca\u00e7\u00e3o por pagar a professores<\/a>&nbsp;&nbsp;Jornal de Not\u00edcias<\/li>\n<li><a href=\"https:\/\/news.google.com\/rss\/articles\/CBMixgFBVV95cUxPX1BVTVlQSDVsX0Z5YzczOE55elJWT3FtZUM5SG9wSWVaSGYtUUJGTmFsUlNHNG85YzNCOW92cG9TTTFScmxHVVNFdnB6clJvUjM5VjBqLUhKOEN4UnpIenhTVG0tRGIwbWlTOWxSZHJ6WWFZOTVQVUNCV2R2ZUlMcVh0S0tDdjNNalNvaHdYc0JxOXVuS3FHaGg3V2g3T295WW1jWVpYeWk2R2Z5cG40Tmo5ZWU3bFZkckNnYmFwSWU4WmlUd2c?oc=5\" target=\"_blank\" rel=\"nofollow noopener\">Governo garante pagamento do subs\u00eddio de desloca\u00e7\u00e3o aos docentes este m\u00eas e das horas extra em dezembro<\/a>&nbsp;&nbsp;Di\u00e1rio de Not\u00edcias<\/li>\n<li><a href=\"https:\/\/news.google.com\/rss\/articles\/CBMiqAFBVV95cUxPVTYxMEozcHJQbjIzT1U1eDA5RmtMWmJkT3dSNWRfYnhic2tqTV8zTzJ1OEp4cS1majBPbGllZGJFMTI1eHkyNkgtb1F6NlhUUE90RWdqOGdrbHBqdjl4Y2lDSnNjUENkeE45SlMxYWxjZ3p3d3RVOHVCaW1jWmJqMU1LYUphQzhndUVPN2NZcmZCTFVseUhvMkJ5SDl3aHZVQXFhMzhJTFM?oc=5\" target=\"_blank\" rel=\"nofollow noopener\">Horas extraordin\u00e1rias e apoios \u00e0 desloca\u00e7\u00e3o pagos a professores<\/a>&nbsp;&nbsp;RTP<\/li>\n<li><a href=\"https:\/\/news.google.com\/rss\/articles\/CBMitgFBVV95cUxOVE9lNEZkeXBiMU5jd19pUWZob3Nlci00c2JBajd4N2tzZkxFN2VoODZHUFAyNVZZNTVHN1NOMkNxUUNXNVJXUC1SeS04Yi1VVEtKaHdwWkJIcmgzVUVWLTR3YzJWT2pQX3VURk5rbkdzSWU3SWV3UGx2UUp2eVFHc3phRUhwMjBBZmZCMm1jTmc0d0VhNnd0eUc4MU1GbFBjbXF4YUgyLS1wQU5COVYyQnc3QlVvUQ?oc=5\" target=\"_blank\" rel=\"nofollow noopener\">Professores v\u00e3o ganhar mais por horas extra e com retroativos a 2024\/2025<\/a>&nbsp;&nbsp;Correio da Manh\u00e3<\/li>\n<li><a href=\"https:\/\/news.google.com\/rss\/articles\/CBMizAFBVV95cUxQRlRuQ0hNdlY4VXYxT1pVb2lfRXhHNjNTclZRNU5mdWhZY2pTT1pRRTRhOTI3WDI0VUtaRVRrdzNkeUtvbXdBZnUycnlKX2Jad0VpR1NlSjA1a0h3N0J5YUgwVUZJUHdPYlZSemhwOEJfSW5XT25oTUROd21YbDVjcjlXcm9IendyOVNORkZhalFjckVRMFdNWlhmMUFoak15aElsRUQ0UHBJd1BubzdrcGZOeTBHVkw5S1V2dXN6ZXotTmVjdHlNUG5xU2M?oc=5\" target=\"_blank\" rel=\"nofollow noopener\">Horas extraordin\u00e1rios e apoios a professores deslocados continuam por pagar<\/a>&nbsp;&nbsp;Expresso<\/li>\n<\/ol>\n","protected":false},"excerpt":{"rendered":"Horas extraordin\u00e1rias e apoio \u00e0 desloca\u00e7\u00e3o por pagar a professores&nbsp;&nbsp;Jornal de Not\u00edcias Governo garante pagamento do subs\u00eddio de&hellip;\n","protected":false},"author":2,"featured_media":139880,"comment_status":"","ping_status":"","sticky":false,"template":"","format":"standard","meta":{"footnotes":""},"categories":[8],"tags":[27,28,2859,15,16,2021,12026,14,25,26,21,22,619,12,13,19,20,32,23,24,4221,33,17,18,29,30,31],"class_list":{"0":"post-139879","1":"post","2":"type-post","3":"status-publish","4":"format-standard","5":"has-post-thumbnail","7":"category-principais-noticias","8":"tag-breaking-news","9":"tag-breakingnews","10":"tag-escolas","11":"tag-featured-news","12":"tag-featurednews","13":"tag-fenprof","14":"tag-fne","15":"tag-headlines","16":"tag-latest-news","17":"tag-latestnews","18":"tag-main-news","19":"tag-mainnews","20":"tag-nacional","21":"tag-news","22":"tag-noticias","23":"tag-noticias-principais","24":"tag-noticiasprincipais","25":"tag-portugal","26":"tag-principais-noticias","27":"tag-principaisnoticias","28":"tag-professores","29":"tag-pt","30":"tag-top-stories","31":"tag-topstories","32":"tag-ultimas","33":"tag-ultimas-noticias","34":"tag-ultimasnoticias"},"share_on_mastodon":{"url":"https:\/\/pubeurope.com\/@pt\/115494117981162316","error":""},"_links":{"self":[{"href":"https:\/\/www.europesays.com\/pt\/wp-json\/wp\/v2\/posts\/139879","targetHints":{"allow":["GET"]}}],"collection":[{"href":"https:\/\/www.europesays.com\/pt\/wp-json\/wp\/v2\/posts"}],"about":[{"href":"https:\/\/www.europesays.com\/pt\/wp-json\/wp\/v2\/types\/post"}],"author":[{"embeddable":true,"href":"https:\/\/www.europesays.com\/pt\/wp-json\/wp\/v2\/users\/2"}],"replies":[{"embeddable":true,"href":"https:\/\/www.europesays.com\/pt\/wp-json\/wp\/v2\/comments?post=139879"}],"version-history":[{"count":0,"href":"https:\/\/www.europesays.com\/pt\/wp-json\/wp\/v2\/posts\/139879\/revisions"}],"wp:featuredmedia":[{"embeddable":true,"href":"https:\/\/www.europesays.com\/pt\/wp-json\/wp\/v2\/media\/139880"}],"wp:attachment":[{"href":"https:\/\/www.europesays.com\/pt\/wp-json\/wp\/v2\/media?parent=139879"}],"wp:term":[{"taxonomy":"category","embeddable":true,"href":"https:\/\/www.europesays.com\/pt\/wp-json\/wp\/v2\/categories?post=139879"},{"taxonomy":"post_tag","embeddable":true,"href":"https:\/\/www.europesays.com\/pt\/wp-json\/wp\/v2\/tags?post=139879"}],"curies":[{"name":"wp","href":"https:\/\/api.w.org\/{rel}","templated":true}]}}