{"id":139930,"date":"2025-11-05T00:52:15","date_gmt":"2025-11-05T00:52:15","guid":{"rendered":"https:\/\/www.europesays.com\/pt\/139930\/"},"modified":"2025-11-05T00:52:15","modified_gmt":"2025-11-05T00:52:15","slug":"burlao-usa-imagem-de-claudio-ramos-para-roubar-milhares-de-euros-e-estes-sao-os-detalhes-secret-story","status":"publish","type":"post","link":"https:\/\/www.europesays.com\/pt\/139930\/","title":{"rendered":"Burl\u00e3o usa imagem de Cl\u00e1udio Ramos para roubar milhares de euros. E estes s\u00e3o os detalhes &#8211; Secret Story"},"content":{"rendered":"<p>Cl\u00e1udio Ramos revelou, <a href=\"https:\/\/tvi.iol.pt\/secretstory\/video\/claudio-ramos-sobre-liliana-e-insuportavel-como-o-miguel-vicente\/690884570cf2c7eb24443fee\" rel=\"nofollow noopener\" target=\"_blank\">em direto no programa Dois \u00e0s 10<\/a>, que <strong>j\u00e1 foi usado num esquema de burla que envolveu milhares de euros.<\/strong> Quando<strong> comentavam a pol\u00e9mica burla de um homem que se fez passar pelo cantor Z\u00e9 Amaro, <\/strong>o apresentador lembrou um epis\u00f3dio passado em que uma mulher foi enganada por algu\u00e9m que se fez passar por ele.<\/p>\n<p>\u00ab<a href=\"https:\/\/tvi.iol.pt\/secretstory\/pedro-jorge\/marisa\/podera-pedro-jorge-trocar-marisa-por-liliana-a-teoria-de-claudio-ramos-que-esta-a-dar-que-falar\" rel=\"nofollow noopener\" target=\"_blank\">Aconteceu-me o mesmo, com 27 mil euros.<\/a><strong> Uma mulher foi enganada (\u2026) porque uma pessoa fez-se passar por mim<\/strong>\u00bb, come\u00e7ou por contar.<\/p>\n<p>Durante a conversa, Cl\u00e1udio Ramos destacou que, em muitos destes casos, a \u00abculpa\u00bb pode estar do lado das pr\u00f3prias v\u00edtimas, e explicou como tudo aconteceu na altura: \u00ab<strong>A senhora foi ter comigo \u00e0 minha casa do Alentejo, <\/strong>tenho at\u00e9 a fotografia dela que a posso meter a\u00ed, foi l\u00e1 a pol\u00edcia e tudo. <strong>Foi dizer \u00e0 minha m\u00e3e e irm\u00e3 que era minha namorada<\/strong>\u2026 ainda por cima\u2026 ainda se fosse um homem\u00bb, disse.<\/p>\n<p>Visivelmente indignado,<a href=\"https:\/\/tvi.iol.pt\/secretstory\/claudio-ramos\/secret-story\/claudio-ramos-encantado-com-concorrente-do-secret-story-e-ha-um-forte-motivo\" rel=\"nofollow noopener\" target=\"_blank\"> o apresentador acrescentou ainda<\/a>: \u00abN\u00e3o foi esperta para perceber que n\u00e3o era eu mas foi esperta para ligar para uma revista, fazer um print das mensagens e mand\u00e1-las todas\u00bb.<\/p>\n<p>O tema surgiu durante o programa da manh\u00e3 da TVI, quando se comentava o caso de um homem que se fez passar pelo cantor portugu\u00eas Z\u00e9 Amaro e conseguiu enganar uma f\u00e3, levando-a a enviar-lhe 250 mil euros ao longo de tr\u00eas anos.<\/p>\n<p>\u00a0<\/p>\n","protected":false},"excerpt":{"rendered":"Cl\u00e1udio Ramos revelou, em direto no programa Dois \u00e0s 10, que j\u00e1 foi usado num esquema de burla&hellip;\n","protected":false},"author":2,"featured_media":139931,"comment_status":"","ping_status":"","sticky":false,"template":"","format":"standard","meta":{"footnotes":""},"categories":[142],"tags":[18706,5015,31126,329,114,115,18705,32,33,151,18704],"class_list":{"0":"post-139930","1":"post","2":"type-post","3":"status-publish","4":"format-standard","5":"has-post-thumbnail","7":"category-tv","8":"tag-bastidores-secret-story","9":"tag-burla","10":"tag-burlao","11":"tag-claudio-ramos","12":"tag-entertainment","13":"tag-entretenimento","14":"tag-entrevistas-concorrentes-tvi","15":"tag-portugal","16":"tag-pt","17":"tag-tv","18":"tag-vida-fora-da-casa"},"share_on_mastodon":{"url":"https:\/\/pubeurope.com\/@pt\/115494357782352675","error":""},"_links":{"self":[{"href":"https:\/\/www.europesays.com\/pt\/wp-json\/wp\/v2\/posts\/139930","targetHints":{"allow":["GET"]}}],"collection":[{"href":"https:\/\/www.europesays.com\/pt\/wp-json\/wp\/v2\/posts"}],"about":[{"href":"https:\/\/www.europesays.com\/pt\/wp-json\/wp\/v2\/types\/post"}],"author":[{"embeddable":true,"href":"https:\/\/www.europesays.com\/pt\/wp-json\/wp\/v2\/users\/2"}],"replies":[{"embeddable":true,"href":"https:\/\/www.europesays.com\/pt\/wp-json\/wp\/v2\/comments?post=139930"}],"version-history":[{"count":0,"href":"https:\/\/www.europesays.com\/pt\/wp-json\/wp\/v2\/posts\/139930\/revisions"}],"wp:featuredmedia":[{"embeddable":true,"href":"https:\/\/www.europesays.com\/pt\/wp-json\/wp\/v2\/media\/139931"}],"wp:attachment":[{"href":"https:\/\/www.europesays.com\/pt\/wp-json\/wp\/v2\/media?parent=139930"}],"wp:term":[{"taxonomy":"category","embeddable":true,"href":"https:\/\/www.europesays.com\/pt\/wp-json\/wp\/v2\/categories?post=139930"},{"taxonomy":"post_tag","embeddable":true,"href":"https:\/\/www.europesays.com\/pt\/wp-json\/wp\/v2\/tags?post=139930"}],"curies":[{"name":"wp","href":"https:\/\/api.w.org\/{rel}","templated":true}]}}