{"id":139940,"date":"2025-11-05T00:59:18","date_gmt":"2025-11-05T00:59:18","guid":{"rendered":"https:\/\/www.europesays.com\/pt\/139940\/"},"modified":"2025-11-05T00:59:18","modified_gmt":"2025-11-05T00:59:18","slug":"deposito-e-reembolso-de-embalagens-arranca-a-10-de-abril-observador","status":"publish","type":"post","link":"https:\/\/www.europesays.com\/pt\/139940\/","title":{"rendered":"Dep\u00f3sito e reembolso de embalagens arranca a 10 de abril \u2013 Observador"},"content":{"rendered":"<p>O Sistema de Dep\u00f3sito e Reembolso (SDR) vai entrar em vigor a 10 de abril do pr\u00f3ximo ano. O que significa que a partir dessa data, a compra de bebidas em supermercados, como garrafas de \u00e1gua ou latas de cerveja, vai incluir um valor de dep\u00f3sito que depois ser\u00e1 devolvido se a embalagem for entregue vazia num ponto de recolha. O valor do dep\u00f3sito ainda n\u00e3o \u00e9 conhecido, adiantou fonte oficial da entidade gestora do SDR ao Observador.<\/p>\n<p>O sistema ser\u00e1 implementado e gerido pela SDR Portugal, que em comunicado enviado esta ter\u00e7a-feira, revela que o sistema est\u00e1 \u201catualmente em fase de implementa\u00e7\u00e3o\u201d e que a partir de 10 de abril de 2026 entrar\u00e1 em funcionamento, abrangendo embalagens \u201cde bebidas de uso \u00fanico de pl\u00e1stico, alum\u00ednio e a\u00e7o at\u00e9 tr\u00eas litros\u201d.<\/p>\n<p>Poder\u00e3o ser devolvidas \u201cgarrafas e latas de bebidas como \u00e1gua, sumos, refrigerantes, cervejas, misturas alco\u00f3licas e bebidas energ\u00e9ticas\u201d. J\u00e1 as embalagens \u201cque contenham derivados l\u00e1cteos ou vinho n\u00e3o ser\u00e3o inclu\u00eddas, uma vez que esses produtos podem contaminar os materiais recicl\u00e1veis\u201d.<\/p>\n<p>A ministra do Ambiente e Energia, Maria da Gra\u00e7a Carvalho, avan\u00e7ou tamb\u00e9m esta ter\u00e7a-feira no parlamento que o sistema vai arrancar com o funcionamento de <strong>2.500 m\u00e1quinas e oito mil postos de recolha por todo o pa\u00eds.<\/strong> \u201cO consumidor dever\u00e1 passar a devolver as suas embalagens de bebidas de pl\u00e1stico e lata, nas m\u00e1quinas que estar\u00e3o presentes no retalho alimentar, em todo o pa\u00eds\u201d, acrescenta a SDR Portugal, que garante que o sistema \u201cfuncionar\u00e1 de forma acess\u00edvel e intuitiva\u201d para os consumidores.<\/p>\n<p>O objetivo \u00e9 \u201cincentivar a reciclagem, promover a valoriza\u00e7\u00e3o dos materiais e envolver produtores e consumidores num modelo de economia circular\u201d e \u201ctransformar a forma como nos relacionamos com as embalagens de bebidas de uso \u00fanico\u201d.<\/p>\n<p>O sistema de dep\u00f3sito e reembolso de embalagens foi <a href=\"https:\/\/observador.pt\/2023\/12\/04\/criado-sistema-de-deposito-e-reembolso-para-embalagens-de-plastico-e-metal\/\" rel=\"nofollow noopener\" target=\"_blank\">criado pelo Governo em 2022<\/a>, no cumprimento de uma diretiva europeia, depois de ter sido aprovado pelo parlamento em 2018. A SDR Portugal, que \u00e9 liderada pelo ex-secret\u00e1rio de Estado da Economia no governo de Pedro Passos Coelho, Leonardo Mathias, refere que o sistema \u201ccontribuir\u00e1 para o cumprimento das metas ambientais exigentes a que Portugal est\u00e1 vinculado a n\u00edvel nacional e europeu\u201d, j\u00e1 que as garrafas de pl\u00e1stico e as latas de metal de utiliza\u00e7\u00e3o \u00fanica para bebidas \u201cdevem ser recolhidas seletivamente em 90% at\u00e9 2029, e as garrafas de pl\u00e1stico de utiliza\u00e7\u00e3o \u00fanica devem incorporar, no m\u00ednimo, 65% de material reciclado a partir de 2040\u201d.<\/p>\n<p>Leia tamb\u00e9m: <a href=\"\">Criado sistema de dep\u00f3sito e reembolso para embalagens de pl\u00e1stico e metal<\/a><\/p>\n<p>O SDR ser\u00e1 financiado \u201cpelas receitas da venda dos materiais de embalagem recolhidos, pelas presta\u00e7\u00f5es financeiras a suportar pelos Embaladores e pelo valor dos dep\u00f3sitos n\u00e3o reclamados\u201d, segundo o site do pr\u00f3prio sistema.<\/p>\n<p>J\u00e1 o investimento nas m\u00e1quinas de recolha \u201cser\u00e1 da responsabilidade dos retalhistas ou outras entidades que pretendam constituir pontos de recolha, sendo o seu ressarcimento assegurado atrav\u00e9s do pagamento de um valor de manuseamento\u201d.<\/p>\n<p class=\"tinymceh1\"><strong>[H\u00e1 d\u00favidas at\u00e9 ao fim que acabam na vit\u00f3ria mais curta da Hist\u00f3ria.\u00a0A\u00a0<a href=\"https:\/\/observador.pt\/wp-admin\/post.php?post=7685876&amp;action=edit\" rel=\"nofollow noopener\" target=\"_blank\">\u201cElei\u00e7\u00e3o Mais Louca de Sempre\u201d<\/a>\u00a0\u00e9 o novo Podcast Plus do Observador sobre as Presidenciais de 1986. Uma s\u00e9rie narrada pelo ator Gon\u00e7alo Waddington, com banda sonora original de Samuel \u00daria. Pode ouvir o \u00faltimo epis\u00f3dio\u00a0<a href=\"https:\/\/observador.pt\/programas\/a-eleio-mais-louca-de-sempre\/episodio-6-a-vitoria-mais-curta-da-historia\/\" rel=\"nofollow noopener\" target=\"_blank\">aqui<\/a>, no\u00a0Observador, e tamb\u00e9m na\u00a0<a href=\"https:\/\/podcasts.apple.com\/pt\/podcast\/epis%C3%B3dio-6-a-vit%C3%B3ria-mais-curta-da-hist%C3%B3ria\/id1841273464?i=1000735108841\" rel=\"nofollow noopener\" target=\"_blank\">Apple Podcasts<\/a>, no\u00a0<a href=\"https:\/\/open.spotify.com\/episode\/01P6DWg39vDsqRDF9hHto6?si=32fb673d4e6f476f\" rel=\"nofollow noopener\" target=\"_blank\">Spotify<\/a>\u00a0e no\u00a0<a href=\"https:\/\/music.youtube.com\/watch?v=tC9N52JuIbI&amp;si=yDUA94GtcmbZxfYl\" rel=\"nofollow noopener\" target=\"_blank\">Youtube Music<\/a>. E pode ouvir o primeiro epis\u00f3dio\u00a0<a href=\"https:\/\/observador.pt\/programas\/a-eleio-mais-louca-de-sempre\/estreia-a-eleicao-mais-louca-de-sempre-episodio-1-apostamos-no-cavalo-errado\/\" target=\"_blank\" rel=\"noopener nofollow\">aqui<\/a>,\u00a0o segundo\u00a0<a href=\"https:\/\/observador.pt\/programas\/a-eleio-mais-louca-de-sempre\/episodio-2-uma-traicao-inesperada\/\" target=\"_blank\" rel=\"noopener nofollow\">aqui<\/a>,\u00a0o terceiro\u00a0<a href=\"https:\/\/observador.pt\/programas\/a-eleio-mais-louca-de-sempre\/episodio-3-ele-nao-e-meu-irmao\/\" rel=\"nofollow noopener\" target=\"_blank\">aqui<\/a>, o\u00a0<a href=\"https:\/\/observador.pt\/programas\/a-eleio-mais-louca-de-sempre\/episodio-4-portugal-nao-e-moscovo\/\" rel=\"nofollow noopener\" target=\"_blank\">quarto<\/a>\u00a0aqui e o\u00a0<a href=\"https:\/\/observador.pt\/programas\/a-eleio-mais-louca-de-sempre\/episodio-5-uma-armadilha-em-direto\/\" rel=\"nofollow noopener\" target=\"_blank\">quinto\u00a0<\/a>aqui]<\/strong><\/p>\n<p><a href=\"https:\/\/observador.pt\/programas\/a-eleio-mais-louca-de-sempre\/episodio-6-a-vitoria-mais-curta-da-historia\/\" rel=\"nofollow noopener\" target=\"_blank\"><\/p>\n<p>        <img src=\"https:\/\/www.europesays.com\/pt\/wp-content\/uploads\/2025\/10\/1761878958_488_770-a-eleicao-mais-louca-de-sempre-playicon.png\" alt=\"\" loading=\"lazy\" decoding=\"async\" class=\"alignnone\" onload=\"this.parentElement.classList.remove('spinner')\" onerror=\"this.parentElement.classList.remove('spinner')\" width=\"770\" height=\"433\"\/>    <\/p>\n<p><\/a><\/p>\n","protected":false},"excerpt":{"rendered":"O Sistema de Dep\u00f3sito e Reembolso (SDR) vai entrar em vigor a 10 de abril do pr\u00f3ximo ano.&hellip;\n","protected":false},"author":2,"featured_media":139941,"comment_status":"","ping_status":"","sticky":false,"template":"","format":"standard","meta":{"footnotes":""},"categories":[83],"tags":[964,88,442,89,90,32,33,11566,31144],"class_list":{"0":"post-139940","1":"post","2":"type-post","3":"status-publish","4":"format-standard","5":"has-post-thumbnail","7":"category-empresas","8":"tag-ambiente","9":"tag-business","10":"tag-ciu00eancia","11":"tag-economy","12":"tag-empresas","13":"tag-portugal","14":"tag-pt","15":"tag-reciclagem","16":"tag-resu00edduos"},"share_on_mastodon":{"url":"https:\/\/pubeurope.com\/@pt\/115494385406644097","error":""},"_links":{"self":[{"href":"https:\/\/www.europesays.com\/pt\/wp-json\/wp\/v2\/posts\/139940","targetHints":{"allow":["GET"]}}],"collection":[{"href":"https:\/\/www.europesays.com\/pt\/wp-json\/wp\/v2\/posts"}],"about":[{"href":"https:\/\/www.europesays.com\/pt\/wp-json\/wp\/v2\/types\/post"}],"author":[{"embeddable":true,"href":"https:\/\/www.europesays.com\/pt\/wp-json\/wp\/v2\/users\/2"}],"replies":[{"embeddable":true,"href":"https:\/\/www.europesays.com\/pt\/wp-json\/wp\/v2\/comments?post=139940"}],"version-history":[{"count":0,"href":"https:\/\/www.europesays.com\/pt\/wp-json\/wp\/v2\/posts\/139940\/revisions"}],"wp:featuredmedia":[{"embeddable":true,"href":"https:\/\/www.europesays.com\/pt\/wp-json\/wp\/v2\/media\/139941"}],"wp:attachment":[{"href":"https:\/\/www.europesays.com\/pt\/wp-json\/wp\/v2\/media?parent=139940"}],"wp:term":[{"taxonomy":"category","embeddable":true,"href":"https:\/\/www.europesays.com\/pt\/wp-json\/wp\/v2\/categories?post=139940"},{"taxonomy":"post_tag","embeddable":true,"href":"https:\/\/www.europesays.com\/pt\/wp-json\/wp\/v2\/tags?post=139940"}],"curies":[{"name":"wp","href":"https:\/\/api.w.org\/{rel}","templated":true}]}}