{"id":139982,"date":"2025-11-05T01:34:24","date_gmt":"2025-11-05T01:34:24","guid":{"rendered":"https:\/\/www.europesays.com\/pt\/139982\/"},"modified":"2025-11-05T01:34:24","modified_gmt":"2025-11-05T01:34:24","slug":"oscar-confessa-a-laura-esta-na-altura-de-lhe-dizer-a-verdade-novelas","status":"publish","type":"post","link":"https:\/\/www.europesays.com\/pt\/139982\/","title":{"rendered":"\u00d3scar confessa a Laura: \u00abEst\u00e1 na altura de lhe dizer a verdade\u00bb &#8211; Novelas"},"content":{"rendered":"<p>Em \u00abA Protegida\u00bb, \u00d3scar (Joaquim Horta) vai ter com Laura (Alexandra Lencastre) e ela continua a dizer que JD (Pedro Sousa) n\u00e3o pode casar com Mariana (Matilde Reym\u00e3o). \u00d3scar n\u00e3o consegue entender porqu\u00ea e diz que JD \u00e9 boa pessoa. Laura acha que \u00d3scar n\u00e3o sabe nada de JD, mas ele diz que por acaso at\u00e9 sabe e revela que \u00e9 tio de JD. Laura fica boquiaberta.<\/p>\n","protected":false},"excerpt":{"rendered":"Em \u00abA Protegida\u00bb, \u00d3scar (Joaquim Horta) vai ter com Laura (Alexandra Lencastre) e ela continua a dizer que&hellip;\n","protected":false},"author":2,"featured_media":139983,"comment_status":"","ping_status":"","sticky":false,"template":"","format":"standard","meta":{"footnotes":""},"categories":[142],"tags":[168,160,166,114,115,157,167,164,161,158,165,159,32,33,156,163,151,162],"class_list":{"0":"post-139982","1":"post","2":"type-post","3":"status-publish","4":"format-standard","5":"has-post-thumbnail","7":"category-tv","8":"tag-a-protegida","9":"tag-ana-guiomar","10":"tag-cristina-ferreira","11":"tag-entertainment","12":"tag-entretenimento","13":"tag-festa-e-festa","14":"tag-ficcao","15":"tag-jose-fidalgo","16":"tag-novelas","17":"tag-para-sempre","18":"tag-pedro-sousa","19":"tag-pedro-teixeira","20":"tag-portugal","21":"tag-pt","22":"tag-queridos-papas","23":"tag-tiago-teotonio-pereira","24":"tag-tv","25":"tag-tvi"},"share_on_mastodon":{"url":"https:\/\/pubeurope.com\/@pt\/115494522914222206","error":""},"_links":{"self":[{"href":"https:\/\/www.europesays.com\/pt\/wp-json\/wp\/v2\/posts\/139982","targetHints":{"allow":["GET"]}}],"collection":[{"href":"https:\/\/www.europesays.com\/pt\/wp-json\/wp\/v2\/posts"}],"about":[{"href":"https:\/\/www.europesays.com\/pt\/wp-json\/wp\/v2\/types\/post"}],"author":[{"embeddable":true,"href":"https:\/\/www.europesays.com\/pt\/wp-json\/wp\/v2\/users\/2"}],"replies":[{"embeddable":true,"href":"https:\/\/www.europesays.com\/pt\/wp-json\/wp\/v2\/comments?post=139982"}],"version-history":[{"count":0,"href":"https:\/\/www.europesays.com\/pt\/wp-json\/wp\/v2\/posts\/139982\/revisions"}],"wp:featuredmedia":[{"embeddable":true,"href":"https:\/\/www.europesays.com\/pt\/wp-json\/wp\/v2\/media\/139983"}],"wp:attachment":[{"href":"https:\/\/www.europesays.com\/pt\/wp-json\/wp\/v2\/media?parent=139982"}],"wp:term":[{"taxonomy":"category","embeddable":true,"href":"https:\/\/www.europesays.com\/pt\/wp-json\/wp\/v2\/categories?post=139982"},{"taxonomy":"post_tag","embeddable":true,"href":"https:\/\/www.europesays.com\/pt\/wp-json\/wp\/v2\/tags?post=139982"}],"curies":[{"name":"wp","href":"https:\/\/api.w.org\/{rel}","templated":true}]}}