{"id":139984,"date":"2025-11-05T01:37:09","date_gmt":"2025-11-05T01:37:09","guid":{"rendered":"https:\/\/www.europesays.com\/pt\/139984\/"},"modified":"2025-11-05T01:37:09","modified_gmt":"2025-11-05T01:37:09","slug":"arsenal-max-dowman-faz-historia-na-liga-dos-campeoes","status":"publish","type":"post","link":"https:\/\/www.europesays.com\/pt\/139984\/","title":{"rendered":"Arsenal: Max Dowman faz hist\u00f3ria na Liga dos Campe\u00f5es"},"content":{"rendered":"<p>Max Dowman fez hist\u00f3ria nesta ter\u00e7a-feira e tornou-se no futebolista mais jovem de sempre a jogar na Liga dos Campe\u00f5es!<\/p>\n<p>Aos 15 anos e 308 dias, <a href=\"https:\/\/maisfutebol.iol.pt\/liga-campeoes\/arsenal\/video-sem-gyokeres-arsenal-vence-tranquilamente-em-praga\" target=\"_blank\" rel=\"nofollow noopener\">o m\u00e9dio do Arsenal entrou na vit\u00f3ria frente ao Slavia Praga (3-0)<\/a> e ultrapassou o registo de Youssoufa Moukoko (16 anos e 18 dias).<\/p>\n<p>O jovem ingl\u00eas foi lan\u00e7ado aos 73 minutos, para o lugar de Trossard, e somou mais um recorde. Esta temporada j\u00e1 leva cinco jogos pela equipa principal.<\/p>\n<blockquote class=\"twitter-tweet\">\n<p lang=\"en\">Max Dowman becomes the youngest player in Champions League history \ud83d\udcab<a href=\"https:\/\/twitter.com\/hashtag\/UCL?src=hash&amp;ref_src=twsrc%5Etfw\" rel=\"nofollow noopener\" target=\"_blank\">#UCL<\/a> <a href=\"https:\/\/t.co\/SJvL06qSMG\" rel=\"nofollow\">pic.twitter.com\/SJvL06qSMG<\/a><\/p>\n<p> \u2014 UEFA Champions League (@ChampionsLeague)<br \/>\n  <a href=\"https:\/\/twitter.com\/ChampionsLeague\/status\/1985789832208269528?ref_src=twsrc%5Etfw\" rel=\"nofollow noopener\" target=\"_blank\">November 4, 2025<\/a>\n <\/p><\/blockquote>\n<p>                                <script async src=\"https:\/\/platform.twitter.com\/widgets.js\" charset=\"utf-8\"><\/script><\/p>\n","protected":false},"excerpt":{"rendered":"Max Dowman fez hist\u00f3ria nesta ter\u00e7a-feira e tornou-se no futebolista mais jovem de sempre a jogar na Liga&hellip;\n","protected":false},"author":2,"featured_media":139985,"comment_status":"","ping_status":"","sticky":false,"template":"","format":"standard","meta":{"footnotes":""},"categories":[87],"tags":[707,5043,135,82,31149,7706,46,31148,32,33,47,134],"class_list":{"0":"post-139984","1":"post","2":"type-post","3":"status-publish","4":"format-standard","5":"has-post-thumbnail","7":"category-desporto","8":"tag-arsenal","9":"tag-champions","10":"tag-desporto","11":"tag-internacional","12":"tag-jogador-mais-jovem-de-sempre","13":"tag-liga-campeoes","14":"tag-maisfutebol","15":"tag-max-dowman","16":"tag-portugal","17":"tag-pt","18":"tag-pura-paixao","19":"tag-sports"},"share_on_mastodon":{"url":"https:\/\/pubeurope.com\/@pt\/115494534844356382","error":""},"_links":{"self":[{"href":"https:\/\/www.europesays.com\/pt\/wp-json\/wp\/v2\/posts\/139984","targetHints":{"allow":["GET"]}}],"collection":[{"href":"https:\/\/www.europesays.com\/pt\/wp-json\/wp\/v2\/posts"}],"about":[{"href":"https:\/\/www.europesays.com\/pt\/wp-json\/wp\/v2\/types\/post"}],"author":[{"embeddable":true,"href":"https:\/\/www.europesays.com\/pt\/wp-json\/wp\/v2\/users\/2"}],"replies":[{"embeddable":true,"href":"https:\/\/www.europesays.com\/pt\/wp-json\/wp\/v2\/comments?post=139984"}],"version-history":[{"count":0,"href":"https:\/\/www.europesays.com\/pt\/wp-json\/wp\/v2\/posts\/139984\/revisions"}],"wp:featuredmedia":[{"embeddable":true,"href":"https:\/\/www.europesays.com\/pt\/wp-json\/wp\/v2\/media\/139985"}],"wp:attachment":[{"href":"https:\/\/www.europesays.com\/pt\/wp-json\/wp\/v2\/media?parent=139984"}],"wp:term":[{"taxonomy":"category","embeddable":true,"href":"https:\/\/www.europesays.com\/pt\/wp-json\/wp\/v2\/categories?post=139984"},{"taxonomy":"post_tag","embeddable":true,"href":"https:\/\/www.europesays.com\/pt\/wp-json\/wp\/v2\/tags?post=139984"}],"curies":[{"name":"wp","href":"https:\/\/api.w.org\/{rel}","templated":true}]}}