{"id":140006,"date":"2025-11-05T01:57:42","date_gmt":"2025-11-05T01:57:42","guid":{"rendered":"https:\/\/www.europesays.com\/pt\/140006\/"},"modified":"2025-11-05T01:57:42","modified_gmt":"2025-11-05T01:57:42","slug":"homem-detido-por-suspeita-de-abuso-sexual-da-namorada-de-13-anos","status":"publish","type":"post","link":"https:\/\/www.europesays.com\/pt\/140006\/","title":{"rendered":"Homem detido por suspeita de abuso sexual da &#8216;namorada&#8217; de 13 anos"},"content":{"rendered":"<p>A Pol\u00edcia Judici\u00e1ria (PJ) deteve, em Loures, um homem de 22 anos por fortes suspeitas da pr\u00e1tica dos crimes de abuso sexual de crian\u00e7as e atos sexuais com adolescente, sobre uma menor de 13 anos com quem dizia namorar.<\/p>\n<p>Segundo comunicado da PJ, o caso remonta a uma discuss\u00e3o entre a menor e a m\u00e3e, que n\u00e3o consentia a rela\u00e7\u00e3o. Durante o desentendimento, a jovem fugiu de casa, levando a progenitora a comunicar de imediato o desaparecimento \u00e0 Pol\u00edcia de Seguran\u00e7a P\u00fablica (PSP).<\/p>\n<p>A menor foi encontrada tr\u00eas semanas depois, na quinta-feira passada, pela PSP. Nesse mesmo dia, as autoridades comunicaram \u00e0 Pol\u00edcia Judici\u00e1ria a suspeita de que a jovem teria sido v\u00edtima de crimes de natureza sexual.<\/p>\n<p>Uma equipa especializada da PJ deslocou-se de imediato \u00e0 unidade hospitalar onde a menor se encontrava, tendo realizado dilig\u00eancias urgentes de investiga\u00e7\u00e3o que culminaram na deten\u00e7\u00e3o do suspeito.<\/p>\n<p>O detido, um cidad\u00e3o estrangeiro em situa\u00e7\u00e3o irregular em Portugal, tinha j\u00e1 visto o seu pedido de asilo por raz\u00f5es humanit\u00e1rias indeferido. Ap\u00f3s ser presente \u00e0s autoridades judici\u00e1rias competentes, foi-lhe aplicada a medida de coa\u00e7\u00e3o de termo de identidade e resid\u00eancia.<\/p>\n<p>A investiga\u00e7\u00e3o prossegue sob a dire\u00e7\u00e3o da Pol\u00edcia Judici\u00e1ria de Lisboa e Vale do Tejo, no \u00e2mbito do combate a crimes de abuso sexual contra menores.<\/p>\n","protected":false},"excerpt":{"rendered":"A Pol\u00edcia Judici\u00e1ria (PJ) deteve, em Loures, um homem de 22 anos por fortes suspeitas da pr\u00e1tica dos&hellip;\n","protected":false},"author":2,"featured_media":140007,"comment_status":"","ping_status":"","sticky":false,"template":"","format":"standard","meta":{"footnotes":""},"categories":[10],"tags":[21744,27,28,31151,15,16,14,25,26,2432,21,22,12,13,19,20,4107,32,23,24,33,17,18,29,30,31],"class_list":{"0":"post-140006","1":"post","2":"type-post","3":"status-publish","4":"format-standard","5":"has-post-thumbnail","7":"category-portugal","8":"tag-abuso-sexual-de-menores","9":"tag-breaking-news","10":"tag-breakingnews","11":"tag-estrangeiro","12":"tag-featured-news","13":"tag-featurednews","14":"tag-headlines","15":"tag-latest-news","16":"tag-latestnews","17":"tag-loures","18":"tag-main-news","19":"tag-mainnews","20":"tag-news","21":"tag-noticias","22":"tag-noticias-principais","23":"tag-noticiasprincipais","24":"tag-pj","25":"tag-portugal","26":"tag-principais-noticias","27":"tag-principaisnoticias","28":"tag-pt","29":"tag-top-stories","30":"tag-topstories","31":"tag-ultimas","32":"tag-ultimas-noticias","33":"tag-ultimasnoticias"},"share_on_mastodon":{"url":"https:\/\/pubeurope.com\/@pt\/115494613470159909","error":""},"_links":{"self":[{"href":"https:\/\/www.europesays.com\/pt\/wp-json\/wp\/v2\/posts\/140006","targetHints":{"allow":["GET"]}}],"collection":[{"href":"https:\/\/www.europesays.com\/pt\/wp-json\/wp\/v2\/posts"}],"about":[{"href":"https:\/\/www.europesays.com\/pt\/wp-json\/wp\/v2\/types\/post"}],"author":[{"embeddable":true,"href":"https:\/\/www.europesays.com\/pt\/wp-json\/wp\/v2\/users\/2"}],"replies":[{"embeddable":true,"href":"https:\/\/www.europesays.com\/pt\/wp-json\/wp\/v2\/comments?post=140006"}],"version-history":[{"count":0,"href":"https:\/\/www.europesays.com\/pt\/wp-json\/wp\/v2\/posts\/140006\/revisions"}],"wp:featuredmedia":[{"embeddable":true,"href":"https:\/\/www.europesays.com\/pt\/wp-json\/wp\/v2\/media\/140007"}],"wp:attachment":[{"href":"https:\/\/www.europesays.com\/pt\/wp-json\/wp\/v2\/media?parent=140006"}],"wp:term":[{"taxonomy":"category","embeddable":true,"href":"https:\/\/www.europesays.com\/pt\/wp-json\/wp\/v2\/categories?post=140006"},{"taxonomy":"post_tag","embeddable":true,"href":"https:\/\/www.europesays.com\/pt\/wp-json\/wp\/v2\/tags?post=140006"}],"curies":[{"name":"wp","href":"https:\/\/api.w.org\/{rel}","templated":true}]}}